{"id":50378,"date":"2020-07-07T15:19:11","date_gmt":"2020-07-07T20:19:11","guid":{"rendered":"http:\/\/globalnewsmexico.com\/sitio\/?p=50378"},"modified":"2020-07-07T15:19:15","modified_gmt":"2020-07-07T20:19:15","slug":"antes-y-despues","status":"publish","type":"post","link":"https:\/\/globalnewsmexico.com\/sitio\/antes-y-despues\/","title":{"rendered":"Antes y despu\u00e9s"},"content":{"rendered":"\n<p>Parlamento Veracruz.<br>Juan Javier G\u00f3mez Cazar\u00edn.<\/p>\n\n\n\n<p>Escuch\u00e9 con mucha atenci\u00f3n la transmisi\u00f3n del mensaje del gobernador Cuitl\u00e1huac Garc\u00eda Jim\u00e9nez, sobre los avances de su administraci\u00f3n en el primer semestre de este ins\u00f3lito 2020.<\/p>\n\n\n\n<p>Un a\u00f1o marcado por la sacudida mundial de las agendas p\u00fablicas de todo el orbe: desde la vida apacible en el m\u00e1s peque\u00f1o de los poblados a la agitada actividad de las naciones m\u00e1s ricas y pobladas del planeta, pasando por guerras, procesos electorales y reacomodos geopol\u00edticos.<\/p>\n\n\n\n<p>Todo, absolutamente todo se trastoc\u00f3 en este 2020 que parece salido de las pel\u00edculas de ciencia ficci\u00f3n.<\/p>\n\n\n\n<p>Aun as\u00ed, la vida puede cambiar, pero no detenerse. Y si algo pareci\u00f3 marcar este balance de medio a\u00f1o del gobernador Cuitl\u00e1huac es algo que -al tiempo- terminar\u00e1 por ser el sello de este sexenio: antes y despu\u00e9s.<\/p>\n\n\n\n<p>Las palabras pueden ser muy bonitas, pueden acomodarse para endulzar los o\u00eddos, pero las obras p\u00fablicas con sus fotos de antes y despu\u00e9s, resultan contundentes. Eso fue lo que present\u00f3 el Gobernador.<\/p>\n\n\n\n<p>Algunos quieren cerrar los ojos, dijo en alg\u00fan momento el Gobernador, respaldado por una incontable sucesi\u00f3n de \u201cantes y despu\u00e9s\u201d ante la que era imposible cerrar los ojos.<br>Calles, carreteras, caminos, puentes, espacios educativos y de salud. Obras f\u00edsicas, tangibles, verificables, que antes no exist\u00edan o estaban a medias o funcionaban de milagro.<\/p>\n\n\n\n<p>Quienes formamos parte del movimiento del presidente Andr\u00e9s Manuel L\u00f3pez Obrador nos sentimos personalmente identificados con esa partici\u00f3n cronol\u00f3gica del antes y despu\u00e9s, que, como la muralla de la canci\u00f3n de Enanitos Verdes, divide lo que fue de lo que ser\u00e1 \u2013y que en este caso ya es-.<\/p>\n\n\n\n<p>M\u00e9xico y Veracruz, al final de este sexenio, ser\u00e1 eso: dos im\u00e1genes, dos realidades. La de antes y la de despu\u00e9s, que estamos construyendo todos los d\u00edas.<\/p>\n\n\n\n<p>Pecar\u00eda de hip\u00f3crita \u2013y no lo soy- si no dijera que me produjo particular orgullo escuchar las obras que se han construido en mi tierra, Los Tuxtlas.<\/p>\n\n\n\n<p>Claro que me da mucho gusto que le vaya bien a todo Veracruz, como se pudo ver en este Informe, pero me da el doble de gusto que le vaya bien a mi terru\u00f1o: que la transformaci\u00f3n del pa\u00eds se note en las mismas calles en las que corr\u00eda cuando era chamaco.<\/p>\n\n\n\n<p>Alentado por la se\u00f1al de que vamos por buen camino, nos preparamos para una nueva sesi\u00f3n del Congreso este martes, dispuestos en este Poder del Estado, a seguir escribiendo la historia y contribuyendo a la transformaci\u00f3n de Veracruz.<\/p>\n\n\n\n<p>Diputado local. Presidente de la Junta de Coordinaci\u00f3n Pol\u00edtica del Congreso del Estado.<\/p>\n","protected":false},"excerpt":{"rendered":"<p>#Columna Quienes formamos parte del movimiento del presidente #Andr\u00e9sManuelL\u00f3pezObrador nos sentimos identificados con esa partici\u00f3n cronol\u00f3gica del antes y despu\u00e9s, que, como la muralla de la canci\u00f3n de Enanitos Verdes, divide lo que fue de lo que ser\u00e1 \u2013y que en este caso ya es-.<\/p>\n","protected":false},"author":5,"featured_media":50379,"comment_status":"closed","ping_status":"open","sticky":false,"template":"","format":"standard","meta":{"spay_email":"","footnotes":""},"categories":[37,8,50,52],"tags":[],"jetpack_featured_media_url":"https:\/\/i1.wp.com\/globalnewsmexico.com\/sitio\/wp-content\/uploads\/2020\/07\/5117c56e-5ae8-4f4a-ac40-275a75511826.jpg?fit=1280%2C853&ssl=1","jetpack_sharing_enabled":true,"jetpack_shortlink":"https:\/\/wp.me\/p9yqPL-d6y","jetpack_likes_enabled":true,"_links":{"self":[{"href":"https:\/\/globalnewsmexico.com\/sitio\/wp-json\/wp\/v2\/posts\/50378"}],"collection":[{"href":"https:\/\/globalnewsmexico.com\/sitio\/wp-json\/wp\/v2\/posts"}],"about":[{"href":"https:\/\/globalnewsmexico.com\/sitio\/wp-json\/wp\/v2\/types\/post"}],"author":[{"embeddable":true,"href":"https:\/\/globalnewsmexico.com\/sitio\/wp-json\/wp\/v2\/users\/5"}],"replies":[{"embeddable":true,"href":"https:\/\/globalnewsmexico.com\/sitio\/wp-json\/wp\/v2\/comments?post=50378"}],"version-history":[{"count":0,"href":"https:\/\/globalnewsmexico.com\/sitio\/wp-json\/wp\/v2\/posts\/50378\/revisions"}],"wp:featuredmedia":[{"embeddable":true,"href":"https:\/\/globalnewsmexico.com\/sitio\/wp-json\/wp\/v2\/media\/50379"}],"wp:attachment":[{"href":"https:\/\/globalnewsmexico.com\/sitio\/wp-json\/wp\/v2\/media?parent=50378"}],"wp:term":[{"taxonomy":"category","embeddable":true,"href":"https:\/\/globalnewsmexico.com\/sitio\/wp-json\/wp\/v2\/categories?post=50378"},{"taxonomy":"post_tag","embeddable":true,"href":"https:\/\/globalnewsmexico.com\/sitio\/wp-json\/wp\/v2\/tags?post=50378"}],"curies":[{"name":"wp","href":"https:\/\/api.w.org\/{rel}","templated":true}]}}