{"id":50390,"date":"2020-07-07T17:50:48","date_gmt":"2020-07-07T22:50:48","guid":{"rendered":"http:\/\/globalnewsmexico.com\/sitio\/?p=50390"},"modified":"2020-07-07T17:50:51","modified_gmt":"2020-07-07T22:50:51","slug":"quedaria-prohibido-transportar-en-motocicletas-a-menores-de-8-anos","status":"publish","type":"post","link":"https:\/\/globalnewsmexico.com\/sitio\/quedaria-prohibido-transportar-en-motocicletas-a-menores-de-8-anos\/","title":{"rendered":"Quedar\u00eda prohibido transportar en motocicletas a menores de 8 a\u00f1os"},"content":{"rendered":"\n<p>El Grupo Legislativo del Partido Acci\u00f3n Nacional present\u00f3 una Iniciativa con proyecto de decreto, que adiciona tres p\u00e1rrafos finales al art\u00edculo 38 de la Ley de Tr\u00e1nsito y Seguridad Vial para el Estado de Veracruz, cuyo objetivo es regular la movilidad de ni\u00f1os a bordo de motocicletas, anteponiendo su inter\u00e9s superior, su seguridad y la salvaguarda de su integridad f\u00edsica.<\/p>\n\n\n\n<p>Con esta propuesta quedar\u00eda prohibido transportar en motocicletas, triciclos automotores y cuatrimotos a ni\u00f1as y ni\u00f1os menores de 8 a\u00f1os de edad, a\u00fan cuando porten el casco protector.<\/p>\n\n\n\n<p>En el mismo sentido, las ni\u00f1as y ni\u00f1os de 8 a 16 a\u00f1os de edad, puedan ser pasajeros de motocicletas, siempre y cuando superen los 110 cent\u00edmetros de altura, porten casco protector, no se exceda el n\u00famero de pasajeros permitido en la unidad y el conductor del veh\u00edculo sea su padre o madre o tutor o tutora legalmente reconocidos o los autoricen de manera confiable.<\/p>\n\n\n\n<p>Asimismo, excepcionalmente las ni\u00f1as y ni\u00f1os de 8 a 16 a\u00f1os, podr\u00e1n conducir motocicletas o cuatrimotos en \u00e1reas destinadas a la recreaci\u00f3n familiar, siempre y cuando sean dise\u00f1adas y\/o manufacturadas para su edad y desarrollo de conocimiento, las cuales deber\u00e1n estar registradas ante la autoridad competente local, que verificar\u00e1 el cumplimiento de las Normas Oficiales Mexicanas que resulten aplicables.<\/p>\n\n\n\n<p>En entidades federativas como Jalisco, Yucat\u00e1n y Ciudad de M\u00e9xico, se han realizado adecuaciones a las leyes que regulan el uso de motocicletas, a fin de garantizar la seguridad de ni\u00f1as y ni\u00f1os que son trasladados en ellas, refiere la iniciativa, pero con independencia de ello, se considera que en Veracruz se debe atender esta situaci\u00f3n desde el \u00e1mbito legislativo.<\/p>\n\n\n\n<p>La protecci\u00f3n a los ni\u00f1os y j\u00f3venes como sujetos vulnerables ha sido una de las premisas del Grupo Legislativo del Partido Acci\u00f3n Nacional, para as\u00ed poder garantizar su vida, desarrollo y libertades, a\u00f1ade.<\/p>\n\n\n\n<p>La iniciativa fue turnada a la Comisi\u00f3n Permanente de Transporte, Tr\u00e1nsito y Vialidad para su estudio y dictamen.<\/p>\n","protected":false},"excerpt":{"rendered":"<p>#Estado El Grupo Legislativo del #PAN present\u00f3 una Iniciativa con proyecto de decreto, que adiciona tres p\u00e1rrafos finales al art\u00edculo 38 de la Ley de #Tr\u00e1nsito y Seguridad Vial para #Veracruz, cuyo objetivo es regular la movilidad de #ni\u00f1os a bordo de #motocicletas.<\/p>\n","protected":false},"author":5,"featured_media":50391,"comment_status":"closed","ping_status":"open","sticky":false,"template":"","format":"standard","meta":{"spay_email":"","footnotes":""},"categories":[37,8,50,52],"tags":[],"jetpack_featured_media_url":"https:\/\/i0.wp.com\/globalnewsmexico.com\/sitio\/wp-content\/uploads\/2020\/07\/b0a93238-227c-4a24-8e67-2fb438d44420.jpg?fit=1040%2C693&ssl=1","jetpack_sharing_enabled":true,"jetpack_shortlink":"https:\/\/wp.me\/p9yqPL-d6K","jetpack_likes_enabled":true,"_links":{"self":[{"href":"https:\/\/globalnewsmexico.com\/sitio\/wp-json\/wp\/v2\/posts\/50390"}],"collection":[{"href":"https:\/\/globalnewsmexico.com\/sitio\/wp-json\/wp\/v2\/posts"}],"about":[{"href":"https:\/\/globalnewsmexico.com\/sitio\/wp-json\/wp\/v2\/types\/post"}],"author":[{"embeddable":true,"href":"https:\/\/globalnewsmexico.com\/sitio\/wp-json\/wp\/v2\/users\/5"}],"replies":[{"embeddable":true,"href":"https:\/\/globalnewsmexico.com\/sitio\/wp-json\/wp\/v2\/comments?post=50390"}],"version-history":[{"count":0,"href":"https:\/\/globalnewsmexico.com\/sitio\/wp-json\/wp\/v2\/posts\/50390\/revisions"}],"wp:featuredmedia":[{"embeddable":true,"href":"https:\/\/globalnewsmexico.com\/sitio\/wp-json\/wp\/v2\/media\/50391"}],"wp:attachment":[{"href":"https:\/\/globalnewsmexico.com\/sitio\/wp-json\/wp\/v2\/media?parent=50390"}],"wp:term":[{"taxonomy":"category","embeddable":true,"href":"https:\/\/globalnewsmexico.com\/sitio\/wp-json\/wp\/v2\/categories?post=50390"},{"taxonomy":"post_tag","embeddable":true,"href":"https:\/\/globalnewsmexico.com\/sitio\/wp-json\/wp\/v2\/tags?post=50390"}],"curies":[{"name":"wp","href":"https:\/\/api.w.org\/{rel}","templated":true}]}}