{"id":50406,"date":"2020-07-07T19:51:57","date_gmt":"2020-07-08T00:51:57","guid":{"rendered":"http:\/\/globalnewsmexico.com\/sitio\/?p=50406"},"modified":"2020-07-07T19:51:59","modified_gmt":"2020-07-08T00:51:59","slug":"cordoba-sede-de-foro-cero-tolerancia-con-participacion-del-inmujeres-e-ivermujeres","status":"publish","type":"post","link":"https:\/\/globalnewsmexico.com\/sitio\/cordoba-sede-de-foro-cero-tolerancia-con-participacion-del-inmujeres-e-ivermujeres\/","title":{"rendered":"C\u00f3rdoba, sede de foro Cero Tolerancia con participaci\u00f3n del Inmujeres e IVERMujeres"},"content":{"rendered":"\n<p>Este 10 de julio, C\u00f3rdoba ser\u00e1 sede de la primera sesi\u00f3n de la Mesa de Trabajo Municipal Cero Tolerancia, que organiza el Instituto Veracruzano de las Mujeres, con el objetivo de analizar la ruta de atenci\u00f3n ante casos de violencia hacia las mujeres en el \u00e1mbito municipal.<\/p>\n\n\n\n<p>Sara Gabriela Palacios Hern\u00e1ndez, titular del Instituto Cordob\u00e9s de las Mujeres por la Igualdad (ICMI), dijo que este foro servir\u00e1 para coordinar el trabajo de los tres \u00f3rdenes de gobierno, y contar\u00e1 con la participaci\u00f3n, v\u00eda digital, de la Directora General para una Vida Libre de Violencia y para la Igualdad Pol\u00edtica y Social del Instituto Nacional de las Mujeres.<\/p>\n\n\n\n<p>La titular del ICMI se\u00f1al\u00f3 que la reuni\u00f3n tendr\u00e1 lugar en el Sal\u00f3n Central del Palacio Municipal y asistir\u00e1n la encargada de despacho de la Direcci\u00f3n General del Instituto Veracruzano de las Mujeres, as\u00ed como funcionarias del Poder Judicial, de la Fiscal\u00eda general del Estado, zona centro, adem\u00e1s de representantes de Institutos de la Mujer de la regi\u00f3n, y de la Secretaria de Salud.<\/p>\n\n\n\n<p>Palacios Hern\u00e1ndez se\u00f1al\u00f3 que el ICMI, a partir del compromiso de la presidenta Leticia L\u00f3pez Landero, promueve, fomenta e instrumenta acciones para eliminar obst\u00e1culos para el goce de los derechos de la mujeres, a fin de impulsar una cultura de igualdad de g\u00e9nero.<\/p>\n","protected":false},"excerpt":{"rendered":"<p>#Local Este 10 de julio, #C\u00f3rdoba ser\u00e1 sede de la primera sesi\u00f3n de la Mesa de Trabajo Municipal #CeroTolerancia, que organiza el Instituto Veracruzano de las Mujeres, con el objetivo de analizar la ruta de atenci\u00f3n ante casos de #violencia contra #mujeres en el \u00e1mbito municipal.<\/p>\n","protected":false},"author":5,"featured_media":50407,"comment_status":"closed","ping_status":"open","sticky":false,"template":"","format":"standard","meta":{"spay_email":"","footnotes":""},"categories":[37,8,50,52],"tags":[],"jetpack_featured_media_url":"https:\/\/i0.wp.com\/globalnewsmexico.com\/sitio\/wp-content\/uploads\/2020\/07\/7f32158e-ba70-48a1-881a-ea8f47e7ff47.jpg?fit=1040%2C780&ssl=1","jetpack_sharing_enabled":true,"jetpack_shortlink":"https:\/\/wp.me\/p9yqPL-d70","jetpack_likes_enabled":true,"_links":{"self":[{"href":"https:\/\/globalnewsmexico.com\/sitio\/wp-json\/wp\/v2\/posts\/50406"}],"collection":[{"href":"https:\/\/globalnewsmexico.com\/sitio\/wp-json\/wp\/v2\/posts"}],"about":[{"href":"https:\/\/globalnewsmexico.com\/sitio\/wp-json\/wp\/v2\/types\/post"}],"author":[{"embeddable":true,"href":"https:\/\/globalnewsmexico.com\/sitio\/wp-json\/wp\/v2\/users\/5"}],"replies":[{"embeddable":true,"href":"https:\/\/globalnewsmexico.com\/sitio\/wp-json\/wp\/v2\/comments?post=50406"}],"version-history":[{"count":0,"href":"https:\/\/globalnewsmexico.com\/sitio\/wp-json\/wp\/v2\/posts\/50406\/revisions"}],"wp:featuredmedia":[{"embeddable":true,"href":"https:\/\/globalnewsmexico.com\/sitio\/wp-json\/wp\/v2\/media\/50407"}],"wp:attachment":[{"href":"https:\/\/globalnewsmexico.com\/sitio\/wp-json\/wp\/v2\/media?parent=50406"}],"wp:term":[{"taxonomy":"category","embeddable":true,"href":"https:\/\/globalnewsmexico.com\/sitio\/wp-json\/wp\/v2\/categories?post=50406"},{"taxonomy":"post_tag","embeddable":true,"href":"https:\/\/globalnewsmexico.com\/sitio\/wp-json\/wp\/v2\/tags?post=50406"}],"curies":[{"name":"wp","href":"https:\/\/api.w.org\/{rel}","templated":true}]}}