{"id":50499,"date":"2020-07-09T12:53:36","date_gmt":"2020-07-09T17:53:36","guid":{"rendered":"http:\/\/globalnewsmexico.com\/sitio\/?p=50499"},"modified":"2020-07-09T12:53:40","modified_gmt":"2020-07-09T17:53:40","slug":"inicio-de-clases-sera-conforme-semaforo-de-coronavirus-en-cada-estado-sep","status":"publish","type":"post","link":"https:\/\/globalnewsmexico.com\/sitio\/inicio-de-clases-sera-conforme-semaforo-de-coronavirus-en-cada-estado-sep\/","title":{"rendered":"Inicio de clases ser\u00e1 conforme sem\u00e1foro de coronavirus en cada estado: SEP"},"content":{"rendered":"\n<p>El\u00a0inicio del ciclo escolar 2020-2021\u00a0se har\u00e1 con base en el sem\u00e1foro epidemiol\u00f3gico de cada entidad\u00a0y que todas las actividades est\u00e9n libres de restricciones sanitarias, para\u00a0evitar contagios en estudiantes y docentes, inform\u00f3 el\u00a0secretario de Educaci\u00f3n P\u00fablica,\u00a0Esteban Moctezuma Barrag\u00e1n.<\/p>\n\n\n\n<p>En una reuni\u00f3n virtual con autoridades educativas del pa\u00eds, reiter\u00f3 que la SEP trabajar\u00e1 para sembrar una actitud y una disciplina basadas en &#8216;Yo cuido al otro&#8217;,\u00a0con el que buscan informar sobre el\u00a0uso de cubrebocas obligatorio.<\/p>\n\n\n\n<p>Destac\u00f3 que en apoyo a los docentes, en especial a quienes se ubican en los grupos de riesgo por su edad o enfermedades cr\u00f3nico-degenerativas, se firmar\u00e1 un convenio con el Issste, para favorecer su acceso a servicios de salud y atenci\u00f3n m\u00e9dica.<\/p>\n\n\n\n<h2 class=\"wp-block-heading\"><strong>\u00bfC\u00f3mo ser\u00e1 el regreso a clases?<\/strong><\/h2>\n\n\n\n<p>Moctezuma Barrag\u00e1n record\u00f3 que los estudiantes de educaci\u00f3n b\u00e1sica iniciar\u00e1n con un curso remedial con una duraci\u00f3n m\u00ednima de tres semanas, que permitir\u00e1 una nivelaci\u00f3n diagn\u00f3stica para detectar de manera personalizada el nivel de aprovechamiento y posibles rezagos en el aprendizaje.<\/p>\n\n\n\n<p>Explic\u00f3 que los profesores pasar\u00e1n al siguiente grado junto con sus alumnos, y se activar\u00e1 un Sistema de Alerta Temprana con el prop\u00f3sito de identificar casos de abandono escolar, para que nadie quede excluido del acceso a la educaci\u00f3n.<\/p>\n\n\n\n<p>Para garantizar el acceso a agua y jab\u00f3n en todas las escuelas, el funcionario dijo que se cuenta con el apoyo de las entidades federativas, los municipios y del programa La Escuela es Nuestra, el cual atiende a los planteles ubicados en las regiones m\u00e1s vulnerables con recursos que podr\u00e1n invertirse en agua potable, ba\u00f1os y accesorios de higiene.<\/p>\n\n\n\n<p>Fuente: Milenio<\/p>\n","protected":false},"excerpt":{"rendered":"<p>#Atento El inicio del #CicloEscolar 2020-2021 se har\u00e1 con base en el #sem\u00e1foro epidemiol\u00f3gico de cada entidad, para evitar #contagios en #estudiantes y #docentes, inform\u00f3 el titular de la #SEP, Esteban Moctezuma Barrag\u00e1n.<\/p>\n","protected":false},"author":5,"featured_media":50500,"comment_status":"closed","ping_status":"open","sticky":false,"template":"","format":"standard","meta":{"spay_email":"","footnotes":""},"categories":[37,8,39,52],"tags":[],"jetpack_featured_media_url":"https:\/\/i0.wp.com\/globalnewsmexico.com\/sitio\/wp-content\/uploads\/2020\/07\/sep-regreso-clases-conforme-semaforo_0_30_1109_690.jpeg?fit=958%2C596&ssl=1","jetpack_sharing_enabled":true,"jetpack_shortlink":"https:\/\/wp.me\/p9yqPL-d8v","jetpack_likes_enabled":true,"_links":{"self":[{"href":"https:\/\/globalnewsmexico.com\/sitio\/wp-json\/wp\/v2\/posts\/50499"}],"collection":[{"href":"https:\/\/globalnewsmexico.com\/sitio\/wp-json\/wp\/v2\/posts"}],"about":[{"href":"https:\/\/globalnewsmexico.com\/sitio\/wp-json\/wp\/v2\/types\/post"}],"author":[{"embeddable":true,"href":"https:\/\/globalnewsmexico.com\/sitio\/wp-json\/wp\/v2\/users\/5"}],"replies":[{"embeddable":true,"href":"https:\/\/globalnewsmexico.com\/sitio\/wp-json\/wp\/v2\/comments?post=50499"}],"version-history":[{"count":0,"href":"https:\/\/globalnewsmexico.com\/sitio\/wp-json\/wp\/v2\/posts\/50499\/revisions"}],"wp:featuredmedia":[{"embeddable":true,"href":"https:\/\/globalnewsmexico.com\/sitio\/wp-json\/wp\/v2\/media\/50500"}],"wp:attachment":[{"href":"https:\/\/globalnewsmexico.com\/sitio\/wp-json\/wp\/v2\/media?parent=50499"}],"wp:term":[{"taxonomy":"category","embeddable":true,"href":"https:\/\/globalnewsmexico.com\/sitio\/wp-json\/wp\/v2\/categories?post=50499"},{"taxonomy":"post_tag","embeddable":true,"href":"https:\/\/globalnewsmexico.com\/sitio\/wp-json\/wp\/v2\/tags?post=50499"}],"curies":[{"name":"wp","href":"https:\/\/api.w.org\/{rel}","templated":true}]}}