{"id":50512,"date":"2020-07-09T16:33:32","date_gmt":"2020-07-09T21:33:32","guid":{"rendered":"http:\/\/globalnewsmexico.com\/sitio\/?p=50512"},"modified":"2020-07-09T16:33:37","modified_gmt":"2020-07-09T21:33:37","slug":"amlo-regresa-a-mexico-tras-reunion-con-trump-en-ee-uu","status":"publish","type":"post","link":"https:\/\/globalnewsmexico.com\/sitio\/amlo-regresa-a-mexico-tras-reunion-con-trump-en-ee-uu\/","title":{"rendered":"AMLO regresa a M\u00e9xico tras reuni\u00f3n con Trump en EE. UU."},"content":{"rendered":"\n<p>Minutos despu\u00e9s de las tres de la tarde, el presidente Andr\u00e9s Manuel L\u00f3pez Obrador aterriz\u00f3 en el Aeropuerto Internacional de la Ciudad de M\u00e9xico (AICM) luego de su visita de dos d\u00edas a Washington, en Estados Unidos, en\u00a0donde sostuvo un encuentro con el mandatario de ese pa\u00eds, Donald Trump, por la entrada en vigor del nuevo acuerdo comercial entre ambos pa\u00edses y Canad\u00e1, el T-MEC.<\/p>\n\n\n\n<p>El presidente regres\u00f3 a M\u00e9xico con parte de la comitiva de funcionarios que lo acompa\u00f1\u00f3: la secretaria de Econom\u00eda, Graciela M\u00e1rquez y el canciller Marcelo Ebrard.<\/p>\n\n\n\n<p>Previo a abordar el vuelo que llevar\u00eda de Washington a Miami, y de ah\u00ed a Ciudad de M\u00e9xico, el presidente public\u00f3 un video en redes sociales en donde advirti\u00f3 que a pesar de lo breve del encuentro con Trump, fue productivo en beneficio para los tres pa\u00edses de Am\u00e9rica del Norte.<\/p>\n\n\n\n<p>\u00abConsidero una visita muy importante para los tres pa\u00edses de Am\u00e9rica del Norte, porque se ech\u00f3 a andar en los hechos el nuevo tratado comercial y esto va a significar inversiones para la regi\u00f3n, empresas, trabajo y bienestar para nuestros pueblos\u00bb, dijo el presidente.<\/p>\n\n\n\n<p>L\u00f3pez Obrador lleg\u00f3 a Estados Unidos el martes por la noche y el mi\u00e9rcoles por la tarde, luego de asistir a los memoriales de Lincoln y Benito Ju\u00e1rez en Washington, sostuvo un encuentro con Trump en la Casa Blanca.<\/p>\n\n\n\n<p>Tras concluir los compromisos de la agenda bilateral, ambos presidentes emitieron mensaje a medios en donde destacaron que las relaciones entre ambas naciones nunca antes hab\u00edan sido tan estrechas.<\/p>\n\n\n\n<p>Fuente: Milenio<\/p>\n","protected":false},"excerpt":{"rendered":"<p>#Destacamos El presidente #Andr\u00e9sManuelL\u00f3pezObrador aterriz\u00f3 esta tarde en el Aeropuerto Internacional de la Ciudad de M\u00e9xico (#AICM), luego de su visita de dos d\u00edas a #Washington, en #EstadosUnidos, en donde sostuvo un encuentro con #DonaldTrump.<\/p>\n","protected":false},"author":5,"featured_media":50513,"comment_status":"closed","ping_status":"open","sticky":false,"template":"","format":"standard","meta":{"spay_email":"","footnotes":""},"categories":[37,8,40,52],"tags":[],"jetpack_featured_media_url":"https:\/\/i0.wp.com\/globalnewsmexico.com\/sitio\/wp-content\/uploads\/2020\/07\/presidente-andres-manuel-lopez-obrador-441_1_0_1085_675.jpeg?fit=958%2C596&ssl=1","jetpack_sharing_enabled":true,"jetpack_shortlink":"https:\/\/wp.me\/p9yqPL-d8I","jetpack_likes_enabled":true,"_links":{"self":[{"href":"https:\/\/globalnewsmexico.com\/sitio\/wp-json\/wp\/v2\/posts\/50512"}],"collection":[{"href":"https:\/\/globalnewsmexico.com\/sitio\/wp-json\/wp\/v2\/posts"}],"about":[{"href":"https:\/\/globalnewsmexico.com\/sitio\/wp-json\/wp\/v2\/types\/post"}],"author":[{"embeddable":true,"href":"https:\/\/globalnewsmexico.com\/sitio\/wp-json\/wp\/v2\/users\/5"}],"replies":[{"embeddable":true,"href":"https:\/\/globalnewsmexico.com\/sitio\/wp-json\/wp\/v2\/comments?post=50512"}],"version-history":[{"count":0,"href":"https:\/\/globalnewsmexico.com\/sitio\/wp-json\/wp\/v2\/posts\/50512\/revisions"}],"wp:featuredmedia":[{"embeddable":true,"href":"https:\/\/globalnewsmexico.com\/sitio\/wp-json\/wp\/v2\/media\/50513"}],"wp:attachment":[{"href":"https:\/\/globalnewsmexico.com\/sitio\/wp-json\/wp\/v2\/media?parent=50512"}],"wp:term":[{"taxonomy":"category","embeddable":true,"href":"https:\/\/globalnewsmexico.com\/sitio\/wp-json\/wp\/v2\/categories?post=50512"},{"taxonomy":"post_tag","embeddable":true,"href":"https:\/\/globalnewsmexico.com\/sitio\/wp-json\/wp\/v2\/tags?post=50512"}],"curies":[{"name":"wp","href":"https:\/\/api.w.org\/{rel}","templated":true}]}}