{"id":50550,"date":"2020-07-10T12:17:40","date_gmt":"2020-07-10T17:17:40","guid":{"rendered":"http:\/\/globalnewsmexico.com\/sitio\/?p=50550"},"modified":"2020-07-10T12:17:42","modified_gmt":"2020-07-10T17:17:42","slug":"amlo-se-reune-con-padres-de-43-normalistas-de-ayotzinapa","status":"publish","type":"post","link":"https:\/\/globalnewsmexico.com\/sitio\/amlo-se-reune-con-padres-de-43-normalistas-de-ayotzinapa\/","title":{"rendered":"AMLO se re\u00fane con padres de 43 normalistas de Ayotzinapa"},"content":{"rendered":"\n<p>Los padres de los 43 normalistas desaparecidos de Ayotzinapa llegaron a Palacio Nacional para reunirse con el\u00a0presidente Andr\u00e9s Manuel L\u00f3pez Obrador\u00a0quien les informar\u00e1 sobre los avances de la investigaci\u00f3n.<\/p>\n\n\n\n<p>El encuentro se realiza de manera privada en el Sal\u00f3n Tesorer\u00eda de Palacio Nacional y se espera que asista la secretaria de Gobernaci\u00f3n, Olga S\u00e1nchez Cordero.<\/p>\n\n\n\n<p>En su conferencia de prensa matutina, el Ejecutivo confirm\u00f3 que sostendr\u00e1 dicho encuentro, pero no dio detalles.<\/p>\n\n\n\n<p>Hace unos d\u00edas, la Fiscal\u00eda General de la Rep\u00fablica inform\u00f3 que se identificaron los restos de\u00a0Christian Alfonso Rodr\u00edguez Telumbre, uno de los estudiantes desaparecidos en septiembre del 2014.<\/p>\n\n\n\n<p>Posteriormente, el subsecretario de Derechos Humanos de la Secretar\u00eda de Gobernaci\u00f3n, Alejandro Encinas, dijo que esto podr\u00eda ser el primero de otros hallazgos de restos enviados a la Universidad de Medicina de Innsbruck, en Austria, para su an\u00e1lisis.<\/p>\n\n\n\n<p>Adem\u00e1s, precis\u00f3 que en la desaparici\u00f3n de los estudiantes de la escuela normal Ra\u00fal Isidro Burgos, \u201cla \u00fanica verdad es que no hay verdad\u201d.<\/p>\n\n\n\n<p>Fuente: Milenio<\/p>\n","protected":false},"excerpt":{"rendered":"<p>#Nacional Los padres de los 43 #normalistas desaparecidos de #Ayotzinapa se re\u00fanen en este momento con el presidente #Andr\u00e9sManuelL\u00f3pezObrador en el Sal\u00f3n Tesorer\u00eda de #PalacioNacional, para recibir informaci\u00f3n sobre los avances de la #investigaci\u00f3n.<\/p>\n","protected":false},"author":5,"featured_media":50551,"comment_status":"closed","ping_status":"open","sticky":false,"template":"","format":"standard","meta":{"spay_email":"","footnotes":""},"categories":[37,8,49,52],"tags":[],"jetpack_featured_media_url":"https:\/\/i2.wp.com\/globalnewsmexico.com\/sitio\/wp-content\/uploads\/2020\/07\/papas-normalistas-llegaron-reunion-amlo_0_4_999_621.jpg?fit=958%2C596&ssl=1","jetpack_sharing_enabled":true,"jetpack_shortlink":"https:\/\/wp.me\/p9yqPL-d9k","jetpack_likes_enabled":true,"_links":{"self":[{"href":"https:\/\/globalnewsmexico.com\/sitio\/wp-json\/wp\/v2\/posts\/50550"}],"collection":[{"href":"https:\/\/globalnewsmexico.com\/sitio\/wp-json\/wp\/v2\/posts"}],"about":[{"href":"https:\/\/globalnewsmexico.com\/sitio\/wp-json\/wp\/v2\/types\/post"}],"author":[{"embeddable":true,"href":"https:\/\/globalnewsmexico.com\/sitio\/wp-json\/wp\/v2\/users\/5"}],"replies":[{"embeddable":true,"href":"https:\/\/globalnewsmexico.com\/sitio\/wp-json\/wp\/v2\/comments?post=50550"}],"version-history":[{"count":0,"href":"https:\/\/globalnewsmexico.com\/sitio\/wp-json\/wp\/v2\/posts\/50550\/revisions"}],"wp:featuredmedia":[{"embeddable":true,"href":"https:\/\/globalnewsmexico.com\/sitio\/wp-json\/wp\/v2\/media\/50551"}],"wp:attachment":[{"href":"https:\/\/globalnewsmexico.com\/sitio\/wp-json\/wp\/v2\/media?parent=50550"}],"wp:term":[{"taxonomy":"category","embeddable":true,"href":"https:\/\/globalnewsmexico.com\/sitio\/wp-json\/wp\/v2\/categories?post=50550"},{"taxonomy":"post_tag","embeddable":true,"href":"https:\/\/globalnewsmexico.com\/sitio\/wp-json\/wp\/v2\/tags?post=50550"}],"curies":[{"name":"wp","href":"https:\/\/api.w.org\/{rel}","templated":true}]}}