{"id":50571,"date":"2020-07-10T14:53:39","date_gmt":"2020-07-10T19:53:39","guid":{"rendered":"http:\/\/globalnewsmexico.com\/sitio\/?p=50571"},"modified":"2020-07-10T14:53:41","modified_gmt":"2020-07-10T19:53:41","slug":"mexico-ya-puede-recoger-en-madrid-a-emilio-lozoya","status":"publish","type":"post","link":"https:\/\/globalnewsmexico.com\/sitio\/mexico-ya-puede-recoger-en-madrid-a-emilio-lozoya\/","title":{"rendered":"M\u00e9xico ya puede recoger en Madrid a Emilio Lozoya"},"content":{"rendered":"\n<p>La Secci\u00f3n Segunda de la Sala Penal de la Audiencia Nacional de Espa\u00f1a, declar\u00f3 la firmeza del auto de\u00a0extradici\u00f3n de Emilio Lozoya a M\u00e9xico,\u00a0e inform\u00f3 a la Interpol para que proceda a la entrega del\u00a0exdirector de Pemex, reclamado por las autoridades mexicanas por los casos Odebrecht y Agronitrogenados.<\/p>\n\n\n\n<p>Con lo anterior, a partir de este momento,\u00a0M\u00e9xico puede recoger en Madrid al exdirector de Pemex, cuyo plazo m\u00e1ximo para hacerlo es de 30 d\u00edas. La de Lozoya fue una extradici\u00f3n simplificada por parte de la Audiencia Nacional, ya que ni siquiera fue necesario que su entrega tuviera el visto bueno final del Consejo de Ministros del pa\u00eds.<\/p>\n\n\n\n<p>Lozoya regresar\u00e1 a M\u00e9xico ya sea en un vuelo privado o comercial, aunque podr\u00eda ser m\u00e1s considerada la primera opci\u00f3n por cuestiones de seguridad.<\/p>\n\n\n\n<p>El exfuncionario mexicano ser\u00e1 recogido por un furg\u00f3n de la Polic\u00eda Nacional de Espa\u00f1a en la c\u00e1rcel de Navalcarnero, ubicada a las afueras de Madrid, donde permanece preso.<\/p>\n\n\n\n<p>El furg\u00f3n tendr\u00e1 ruta directa al aeropuerto de Barajas o bien el de Torrej\u00f3n de Ardoz, ah\u00ed ser\u00e1 entregado oficialmente a las autoridades mexicanas representadas por agentes de la Fiscal\u00eda General de la Rep\u00fablica.<\/p>\n\n\n\n<p>Posteriormente, el avi\u00f3n emprender\u00e1 el vuelo con destino al Aeropuerto Internacional Benito Ju\u00e1rez, de la Ciudad de M\u00e9xico.<\/p>\n\n\n\n<p>El 30 de junio, la Audiencia Nacional confirm\u00f3 que el exdirector de Pemex acept\u00f3 ser extraditado a M\u00e9xico. En abril, el organismo judicial neg\u00f3 la libertad a Lozoya, bas\u00e1ndose en un contundente informe de la Fiscal\u00eda en el que resalt\u00f3 \u201cinminente riesgo de fuga\u201d.<\/p>\n\n\n\n<p>Fuente: Milenio<\/p>\n","protected":false},"excerpt":{"rendered":"<p>#Ent\u00e9rate La Secci\u00f3n Segunda de la Sala Penal de la Audiencia Nacional de #Espa\u00f1a, declar\u00f3 la firmeza del auto de #extradici\u00f3n de #EmilioLozoya a #M\u00e9xico, e inform\u00f3 a la #Interpol para que proceda a su entrega a las autoridades mexicanas.<\/p>\n","protected":false},"author":5,"featured_media":50572,"comment_status":"closed","ping_status":"open","sticky":false,"template":"","format":"standard","meta":{"spay_email":"","footnotes":""},"categories":[37,8,39,52],"tags":[],"jetpack_featured_media_url":"https:\/\/i1.wp.com\/globalnewsmexico.com\/sitio\/wp-content\/uploads\/2020\/07\/el-ex-director-de-pemex_0_57_1100_683-1.jpg?fit=1040%2C647&ssl=1","jetpack_sharing_enabled":true,"jetpack_shortlink":"https:\/\/wp.me\/p9yqPL-d9F","jetpack_likes_enabled":true,"_links":{"self":[{"href":"https:\/\/globalnewsmexico.com\/sitio\/wp-json\/wp\/v2\/posts\/50571"}],"collection":[{"href":"https:\/\/globalnewsmexico.com\/sitio\/wp-json\/wp\/v2\/posts"}],"about":[{"href":"https:\/\/globalnewsmexico.com\/sitio\/wp-json\/wp\/v2\/types\/post"}],"author":[{"embeddable":true,"href":"https:\/\/globalnewsmexico.com\/sitio\/wp-json\/wp\/v2\/users\/5"}],"replies":[{"embeddable":true,"href":"https:\/\/globalnewsmexico.com\/sitio\/wp-json\/wp\/v2\/comments?post=50571"}],"version-history":[{"count":0,"href":"https:\/\/globalnewsmexico.com\/sitio\/wp-json\/wp\/v2\/posts\/50571\/revisions"}],"wp:featuredmedia":[{"embeddable":true,"href":"https:\/\/globalnewsmexico.com\/sitio\/wp-json\/wp\/v2\/media\/50572"}],"wp:attachment":[{"href":"https:\/\/globalnewsmexico.com\/sitio\/wp-json\/wp\/v2\/media?parent=50571"}],"wp:term":[{"taxonomy":"category","embeddable":true,"href":"https:\/\/globalnewsmexico.com\/sitio\/wp-json\/wp\/v2\/categories?post=50571"},{"taxonomy":"post_tag","embeddable":true,"href":"https:\/\/globalnewsmexico.com\/sitio\/wp-json\/wp\/v2\/tags?post=50571"}],"curies":[{"name":"wp","href":"https:\/\/api.w.org\/{rel}","templated":true}]}}