{"id":50573,"date":"2020-07-10T16:34:11","date_gmt":"2020-07-10T21:34:11","guid":{"rendered":"http:\/\/globalnewsmexico.com\/sitio\/?p=50573"},"modified":"2020-07-10T16:34:14","modified_gmt":"2020-07-10T21:34:14","slug":"supervisa-alcalde-construccion-de-terrazas-en-el-malecon-costero","status":"publish","type":"post","link":"https:\/\/globalnewsmexico.com\/sitio\/supervisa-alcalde-construccion-de-terrazas-en-el-malecon-costero\/","title":{"rendered":"Supervisa alcalde construcci\u00f3n de terrazas en el malec\u00f3n costero"},"content":{"rendered":"\n<p>La construcci\u00f3n de las tres terrazas en diversos puntos del malec\u00f3n costero de Coatzacoalcos, no solo tiene la finalidad de contener la arena proveniente del mar en tiempos de nortes, sino tambi\u00e9n brindar nuevos sitios de esparcimiento a las familias porte\u00f1as y a los turistas que nos visiten, afirm\u00f3 el presidente municipal, V\u00edctor Manuel Carranza Rosaldo, quien hoy supervis\u00f3 estas obras.<\/p>\n\n\n\n<p>Indic\u00f3 que se realiz\u00f3 un an\u00e1lisis a profundidad para encontrar una soluci\u00f3n a la invasi\u00f3n de arena, mismo en el que participaron expertos de la Universidad Veracruzana y otras instituciones, el cual determin\u00f3 la edificaci\u00f3n de estas plataformas, para igualmente crear lugares donde se admiren los amaneceres y atardeceres, los cerros de San Mart\u00edn y Santa Marta, que son grandes atractivos tur\u00edsticos y dan identidad a nuestro municipio.<\/p>\n\n\n\n<p>Para este proyecto, el a\u00f1o pasado se ejecut\u00f3 la inversi\u00f3n de 7 millones y este, ser\u00e1n 20 los que se destinen para fabricar estas terrazas, la primera de ellas iniciar\u00e1 desde la Avenida Venustiano Carranza a Independencia.<\/p>\n\n\n\n<p>El mun\u00edcipe porte\u00f1o, agreg\u00f3 que se contempla la creaci\u00f3n de espacios para prestadores de servicios y sus clientes, visitantes locales y for\u00e1neos, as\u00ed como un \u00e1rea m\u00e1s en la zona de La Pir\u00e1mide y otra m\u00e1s de la colonia Puerto M\u00e9xico a Playa de Oro.<\/p>\n\n\n\n<p>Puntualiz\u00f3, que se est\u00e1 privilegiando la mano de obra local, tanto en las obras que se est\u00e1n haciendo con recursos brindados por SEDATU como las que est\u00e1 haciendo directamente la Secretar\u00eda de Obras P\u00fablicas y Desarrollo Urbano.<\/p>\n\n\n\n<p>\u201cCon estos nuevos espacios tur\u00edsticos planeamos generar desarrollo econ\u00f3mico, adem\u00e1s de una playa incluyente, puesto que se colocar\u00e1n accesos para las personas que presenten alguna capacidad diferente\u201d, subray\u00f3.<\/p>\n\n\n\n<p>MALEC\u00d3N COSTERO ABARCA 13 Y MEDIO KIL\u00d3METROS<\/p>\n\n\n\n<p>Leopoldo Su\u00e1rez Fern\u00e1ndez, Secretario de Obras P\u00fablicas y Desarrollo Urbano, detall\u00f3 que en este gran proyecto de embellecer los 13 y medio kil\u00f3metros del Malec\u00f3n Costero, se tiene planeado establecer sitios adecuados para que quienes practican actividades deportivas como correr, caminata, ciclismo, patinaje, entre otras.<\/p>\n\n\n\n<p>A lo largo de este sector, se est\u00e1n colocando plantas end\u00e9micas que le est\u00e1n brindando otra fisonom\u00eda a esta importante arteria, que comunica en v\u00eda r\u00e1pida con las colonias del poniente de la ciudad.<\/p>\n\n\n\n<p>Finalmente, precis\u00f3 que la idea \u201ces irle ganando terreno a la playa y crear espacios de recreaci\u00f3n para las familias, ya que en todas las terrazas habr\u00e1 bancas, p\u00e9rgolas y se tendr\u00e1 una visi\u00f3n de nuestro mar y de los cerros que nos identifican\u201d.<\/p>\n\n\n\n<p>#Destacamos El alcalde de #Coatzacoalcos, #V\u00edctorManuelCarranzaRosaldo, supervis\u00f3 la construcci\u00f3n de terrazas en el malec\u00f3n costero, proyecto que tiene como funci\u00f3n principal crear espacios tur\u00edsticos, aprovechando la estrategia de ingenier\u00eda para contener la arena de la playa en tiempos de norte.<\/p>\n","protected":false},"excerpt":{"rendered":"<p>#Destacamos El alcalde de #Coatzacoalcos, #V\u00edctorManuelCarranzaRosaldo, supervis\u00f3 la construcci\u00f3n de terrazas en el malec\u00f3n costero, proyecto que tiene como funci\u00f3n principal crear espacios tur\u00edsticos, aprovechando la estrategia de ingenier\u00eda para contener la arena de la playa en tiempos de norte.<\/p>\n","protected":false},"author":5,"featured_media":50574,"comment_status":"closed","ping_status":"open","sticky":false,"template":"","format":"standard","meta":{"spay_email":"","footnotes":""},"categories":[37,8,50,52],"tags":[],"jetpack_featured_media_url":"https:\/\/i2.wp.com\/globalnewsmexico.com\/sitio\/wp-content\/uploads\/2020\/07\/12a6e869-df54-4c24-ac32-8a21978fca0a.jpg?fit=1280%2C854&ssl=1","jetpack_sharing_enabled":true,"jetpack_shortlink":"https:\/\/wp.me\/p9yqPL-d9H","jetpack_likes_enabled":true,"_links":{"self":[{"href":"https:\/\/globalnewsmexico.com\/sitio\/wp-json\/wp\/v2\/posts\/50573"}],"collection":[{"href":"https:\/\/globalnewsmexico.com\/sitio\/wp-json\/wp\/v2\/posts"}],"about":[{"href":"https:\/\/globalnewsmexico.com\/sitio\/wp-json\/wp\/v2\/types\/post"}],"author":[{"embeddable":true,"href":"https:\/\/globalnewsmexico.com\/sitio\/wp-json\/wp\/v2\/users\/5"}],"replies":[{"embeddable":true,"href":"https:\/\/globalnewsmexico.com\/sitio\/wp-json\/wp\/v2\/comments?post=50573"}],"version-history":[{"count":0,"href":"https:\/\/globalnewsmexico.com\/sitio\/wp-json\/wp\/v2\/posts\/50573\/revisions"}],"wp:featuredmedia":[{"embeddable":true,"href":"https:\/\/globalnewsmexico.com\/sitio\/wp-json\/wp\/v2\/media\/50574"}],"wp:attachment":[{"href":"https:\/\/globalnewsmexico.com\/sitio\/wp-json\/wp\/v2\/media?parent=50573"}],"wp:term":[{"taxonomy":"category","embeddable":true,"href":"https:\/\/globalnewsmexico.com\/sitio\/wp-json\/wp\/v2\/categories?post=50573"},{"taxonomy":"post_tag","embeddable":true,"href":"https:\/\/globalnewsmexico.com\/sitio\/wp-json\/wp\/v2\/tags?post=50573"}],"curies":[{"name":"wp","href":"https:\/\/api.w.org\/{rel}","templated":true}]}}