{"id":50629,"date":"2020-07-13T09:36:14","date_gmt":"2020-07-13T14:36:14","guid":{"rendered":"http:\/\/globalnewsmexico.com\/sitio\/?p=50629"},"modified":"2020-07-13T09:36:18","modified_gmt":"2020-07-13T14:36:18","slug":"4t-unidad-del-sur-alcanza-acuerdos-de-trabajo-para-garantizar-apoyos-y-mejores-servicios-al-pueblo-del-sur-de-veracruz","status":"publish","type":"post","link":"https:\/\/globalnewsmexico.com\/sitio\/4t-unidad-del-sur-alcanza-acuerdos-de-trabajo-para-garantizar-apoyos-y-mejores-servicios-al-pueblo-del-sur-de-veracruz\/","title":{"rendered":"4T unidad del sur alcanza acuerdos de trabajo para garantizar apoyos y mejores servicios al pueblo del sur de Veracruz"},"content":{"rendered":"\n<p>En un sentido de atenci\u00f3n inmediata ante la emergencia provocada por el Covid-19, la tarde de este domingo el grupo 4T &#8216;unidad del sur&#8217; sostuvo una intensa reuni\u00f3n de trabajo con la finalidad de entablar acuerdos que permitan acciones contundentes para brindar asistencia por parte de la Federaci\u00f3n, el estado, los municipios y representantes populares a toda la poblaci\u00f3n que se ha visto severamente afectada ante esta crisis sanitaria.<\/p>\n\n\n\n<p>Estos trabajos estuvieron conformados por los principales actores pol\u00edticos de la regi\u00f3n, quienes se pronunciaron a generar con prontitud mayores beneficios a la ciudadan\u00eda de la zona sur de Veracruz, para as\u00ed ratificar que la Cuarta Transformaci\u00f3n est\u00e1 presente, con la convicci\u00f3n de apoyo y servicio que caracteriza al movimiento.<\/p>\n\n\n\n<p>De entre los principales acuerdos que se realizaron en esta reuni\u00f3n fue la unificaci\u00f3n de las agendas, federal, estatal, municipales y legislativas, con la intenci\u00f3n de hacer un frente com\u00fan que permita darle todo el respaldo a la poblaci\u00f3n.<\/p>\n\n\n\n<p>Entre estas acciones, el grupo 4T Unidad del Sur, realizar\u00e1 la gesti\u00f3n con los diversos secretarios del gobierno del estado y de la federaci\u00f3n para instalar mesas de atenci\u00f3n e informaci\u00f3n que permitan orientar a todos aquellos que han sido afectados por la pandemia del Covid-19 en los diversos apoyos y servicios que se encuentren a la disposici\u00f3n del pueblo del sur de Veracruz.<\/p>\n\n\n\n<p>De igual forma los miembros del grupo 4T Unidad del sur, refrendaron su compromiso de servicio, a trav\u00e9s de acciones que permitan a los habitantes de los municipios del sur el poder salir de esta pandemia que ha afectado durante los \u00faltimos meses a todos los mexicanos y al resto del mundo.<\/p>\n\n\n\n<p>\u201cHemos de abrazar al sur y lo haremos con inter\u00e9s, dedicaci\u00f3n y gesti\u00f3n en los momentos que debemos estar cercanos al pueblo; m\u00e1s cerca que nunca para ayudar, apoyar y orientar no solo con palabras, tambi\u00e9n con hechos. La esperanza vive en el sur, no tenemos derecho a fallar, amor con amor se paga\u201d, reiteraron.<\/p>\n","protected":false},"excerpt":{"rendered":"<p>#Destacamos Autoridades y representantes populares miembros del grupo #4T &#8216;Unidad del sur&#8217; alcanzaron un acuerdo para trabajar en un frente com\u00fan, que permita darle todo el respaldo a la poblaci\u00f3n que se ha visto afectada ante la #CrisisSanitaria por el #Covid19.<\/p>\n","protected":false},"author":5,"featured_media":50630,"comment_status":"closed","ping_status":"open","sticky":false,"template":"","format":"standard","meta":{"spay_email":"","footnotes":""},"categories":[37,8,50,52],"tags":[],"jetpack_featured_media_url":"https:\/\/i1.wp.com\/globalnewsmexico.com\/sitio\/wp-content\/uploads\/2020\/07\/fbb82b83-49a6-4ed3-a263-1e138cf90f0c.jpg?fit=1040%2C676&ssl=1","jetpack_sharing_enabled":true,"jetpack_shortlink":"https:\/\/wp.me\/p9yqPL-daB","jetpack_likes_enabled":true,"_links":{"self":[{"href":"https:\/\/globalnewsmexico.com\/sitio\/wp-json\/wp\/v2\/posts\/50629"}],"collection":[{"href":"https:\/\/globalnewsmexico.com\/sitio\/wp-json\/wp\/v2\/posts"}],"about":[{"href":"https:\/\/globalnewsmexico.com\/sitio\/wp-json\/wp\/v2\/types\/post"}],"author":[{"embeddable":true,"href":"https:\/\/globalnewsmexico.com\/sitio\/wp-json\/wp\/v2\/users\/5"}],"replies":[{"embeddable":true,"href":"https:\/\/globalnewsmexico.com\/sitio\/wp-json\/wp\/v2\/comments?post=50629"}],"version-history":[{"count":0,"href":"https:\/\/globalnewsmexico.com\/sitio\/wp-json\/wp\/v2\/posts\/50629\/revisions"}],"wp:featuredmedia":[{"embeddable":true,"href":"https:\/\/globalnewsmexico.com\/sitio\/wp-json\/wp\/v2\/media\/50630"}],"wp:attachment":[{"href":"https:\/\/globalnewsmexico.com\/sitio\/wp-json\/wp\/v2\/media?parent=50629"}],"wp:term":[{"taxonomy":"category","embeddable":true,"href":"https:\/\/globalnewsmexico.com\/sitio\/wp-json\/wp\/v2\/categories?post=50629"},{"taxonomy":"post_tag","embeddable":true,"href":"https:\/\/globalnewsmexico.com\/sitio\/wp-json\/wp\/v2\/tags?post=50629"}],"curies":[{"name":"wp","href":"https:\/\/api.w.org\/{rel}","templated":true}]}}