{"id":50649,"date":"2020-07-13T12:05:17","date_gmt":"2020-07-13T17:05:17","guid":{"rendered":"http:\/\/globalnewsmexico.com\/sitio\/?p=50649"},"modified":"2020-07-13T12:09:40","modified_gmt":"2020-07-13T17:09:40","slug":"sedena-se-suma-al-combate-del-covid-19","status":"publish","type":"post","link":"https:\/\/globalnewsmexico.com\/sitio\/sedena-se-suma-al-combate-del-covid-19\/","title":{"rendered":"Sedena se suma al combate del Covid-19"},"content":{"rendered":"\n<p>Elementos de la Secretar\u00eda de la Defensa Nacional (Sedena) confeccionan cubrebocas, batas y gorros quir\u00fargicos, con materiales que el Servicio de Administraci\u00f3n Tributaria (SAT) manten\u00eda en resguardo, principalmente en aduanas del pa\u00eds.<\/p>\n\n\n\n<p>Ante la demanda de insumos para combatir al Covid-19 en el pa\u00eds, el Ej\u00e9rcito fabrica dicho equipo quir\u00fargico que es distribuido a trav\u00e9s del Centro Nacional de Contingencias.<\/p>\n\n\n\n<p>Cabe se\u00f1alar que estos trabajos iniciaron a partir del 29 de marzo y ya se distribuyen en todo el pa\u00eds.<\/p>\n\n\n\n<p>Fuente: Reforma<\/p>\n","protected":false},"excerpt":{"rendered":"<p>#Nacional Ante la demanda de #insumos para combatir al #Covid19 en #M\u00e9xico, elementos de la #Sedena confeccionan #cubrebocas, #batas y #gorros quir\u00fargicos, con materiales que el Sistema de Administraci\u00f3n Tributaria (#SAT) manten\u00eda en resguardo.<\/p>\n","protected":false},"author":5,"featured_media":50650,"comment_status":"closed","ping_status":"open","sticky":false,"template":"","format":"standard","meta":{"spay_email":"","footnotes":""},"categories":[37,8,49,52],"tags":[],"jetpack_featured_media_url":"https:\/\/i1.wp.com\/globalnewsmexico.com\/sitio\/wp-content\/uploads\/2020\/07\/1111107.jpg?fit=1024%2C683&ssl=1","jetpack_sharing_enabled":true,"jetpack_shortlink":"https:\/\/wp.me\/p9yqPL-daV","jetpack_likes_enabled":true,"_links":{"self":[{"href":"https:\/\/globalnewsmexico.com\/sitio\/wp-json\/wp\/v2\/posts\/50649"}],"collection":[{"href":"https:\/\/globalnewsmexico.com\/sitio\/wp-json\/wp\/v2\/posts"}],"about":[{"href":"https:\/\/globalnewsmexico.com\/sitio\/wp-json\/wp\/v2\/types\/post"}],"author":[{"embeddable":true,"href":"https:\/\/globalnewsmexico.com\/sitio\/wp-json\/wp\/v2\/users\/5"}],"replies":[{"embeddable":true,"href":"https:\/\/globalnewsmexico.com\/sitio\/wp-json\/wp\/v2\/comments?post=50649"}],"version-history":[{"count":0,"href":"https:\/\/globalnewsmexico.com\/sitio\/wp-json\/wp\/v2\/posts\/50649\/revisions"}],"wp:featuredmedia":[{"embeddable":true,"href":"https:\/\/globalnewsmexico.com\/sitio\/wp-json\/wp\/v2\/media\/50650"}],"wp:attachment":[{"href":"https:\/\/globalnewsmexico.com\/sitio\/wp-json\/wp\/v2\/media?parent=50649"}],"wp:term":[{"taxonomy":"category","embeddable":true,"href":"https:\/\/globalnewsmexico.com\/sitio\/wp-json\/wp\/v2\/categories?post=50649"},{"taxonomy":"post_tag","embeddable":true,"href":"https:\/\/globalnewsmexico.com\/sitio\/wp-json\/wp\/v2\/tags?post=50649"}],"curies":[{"name":"wp","href":"https:\/\/api.w.org\/{rel}","templated":true}]}}