{"id":50658,"date":"2020-07-13T13:30:05","date_gmt":"2020-07-13T18:30:05","guid":{"rendered":"http:\/\/globalnewsmexico.com\/sitio\/?p=50658"},"modified":"2020-07-13T13:30:08","modified_gmt":"2020-07-13T18:30:08","slug":"conacyt-fabrico-ventilador-mecanico-y-empezara-produccion-en-serie-amlo","status":"publish","type":"post","link":"https:\/\/globalnewsmexico.com\/sitio\/conacyt-fabrico-ventilador-mecanico-y-empezara-produccion-en-serie-amlo\/","title":{"rendered":"Conacyt fabric\u00f3 ventilador mec\u00e1nico y empezar\u00e1 producci\u00f3n en serie: AMLO"},"content":{"rendered":"\n<p>El presidente Andr\u00e9s Manuel L\u00f3pez Obrador asegur\u00f3 que el Consejo Nacional de Ciencia y Tecnolog\u00eda (Conacyt)\u00a0fabric\u00f3 un respirador artificial\u00a0para atender a pacientes graves de\u00a0coronavirus\u00a0SARS-CoV-2\u00a0durante la emergencia sanitaria que atraviesa el pa\u00eds.<\/p>\n\n\n\n<p>En su conferencia matutina, el mandatario asegur\u00f3 que los\u00a0ventiladores mec\u00e1nicos empezar\u00e1n a fabricarse en serie y con ello, \u00abya no se va a depender del extranjero\u00bb.<\/p>\n\n\n\n<p>L\u00f3pez Obrador mencion\u00f3 que,\u00a0al inicio de la epidemia en M\u00e9xico, el pa\u00eds contaba con\u00a0tres mil respiradores, mientras que\u00a0actualmente se cuenta con casi 12 mil, producto de las gestiones con otros pa\u00edses, incluido\u00a0Estados Unidos.<\/p>\n\n\n\n<p>\u00abCuando iniciamos (la emergencia sanitaria), no ten\u00edamos los ventiladores. Por eso, en una llamada que ten\u00eda que ver con el recorte de la producci\u00f3n petrolera en el mundo,\u00a0aprovech\u00e9 para decirle al presidente Trump que nos ayudara a conseguir ventiladores\u00a0porque no ten\u00edamos\u00bb, afirm\u00f3 el presidente.<\/p>\n\n\n\n<p>A finales de abril, la directora del\u00a0Conacyt, Mar\u00eda Elena \u00c1lvarez-Buylla Roces, asegur\u00f3 que la dependencia a su cargo planeaba fabricar, al menos,\u00a0700 respiradores hechos en M\u00e9xico\u00a0para tratar a pacientes cr\u00edticos de\u00a0coronavirus\u00a0y\u00a0cuya compra ser\u00eda m\u00e1s econ\u00f3mica\u00a0en comparaci\u00f3n con los ofertados por China, Irlanda y Estados Unidos.<\/p>\n\n\n\n<p>El presidente agreg\u00f3 que\u00a0ma\u00f1ana se presentar\u00edan m\u00e1s detalles al respecto.<\/p>\n\n\n\n<p>Fuente: Milenio<\/p>\n","protected":false},"excerpt":{"rendered":"<p>#M\u00e9xico El presidente #Andr\u00e9sManuelL\u00f3pezObrador asegur\u00f3 que el #Conacyt fabric\u00f3 un #respirador artificial para atender a pacientes graves de #Covid19, el cual empezar\u00e1 a fabricarse en serie para \u00abya no depender del extranjero\u00bb.<\/p>\n","protected":false},"author":5,"featured_media":50659,"comment_status":"closed","ping_status":"open","sticky":false,"template":"","format":"standard","meta":{"spay_email":"","footnotes":""},"categories":[37,8,40,52],"tags":[],"jetpack_featured_media_url":"https:\/\/i0.wp.com\/globalnewsmexico.com\/sitio\/wp-content\/uploads\/2020\/07\/ventilador-enfermos-covid-cien-ciento_0_6_900_522.jpeg?fit=900%2C522&ssl=1","jetpack_sharing_enabled":true,"jetpack_shortlink":"https:\/\/wp.me\/p9yqPL-db4","jetpack_likes_enabled":true,"_links":{"self":[{"href":"https:\/\/globalnewsmexico.com\/sitio\/wp-json\/wp\/v2\/posts\/50658"}],"collection":[{"href":"https:\/\/globalnewsmexico.com\/sitio\/wp-json\/wp\/v2\/posts"}],"about":[{"href":"https:\/\/globalnewsmexico.com\/sitio\/wp-json\/wp\/v2\/types\/post"}],"author":[{"embeddable":true,"href":"https:\/\/globalnewsmexico.com\/sitio\/wp-json\/wp\/v2\/users\/5"}],"replies":[{"embeddable":true,"href":"https:\/\/globalnewsmexico.com\/sitio\/wp-json\/wp\/v2\/comments?post=50658"}],"version-history":[{"count":0,"href":"https:\/\/globalnewsmexico.com\/sitio\/wp-json\/wp\/v2\/posts\/50658\/revisions"}],"wp:featuredmedia":[{"embeddable":true,"href":"https:\/\/globalnewsmexico.com\/sitio\/wp-json\/wp\/v2\/media\/50659"}],"wp:attachment":[{"href":"https:\/\/globalnewsmexico.com\/sitio\/wp-json\/wp\/v2\/media?parent=50658"}],"wp:term":[{"taxonomy":"category","embeddable":true,"href":"https:\/\/globalnewsmexico.com\/sitio\/wp-json\/wp\/v2\/categories?post=50658"},{"taxonomy":"post_tag","embeddable":true,"href":"https:\/\/globalnewsmexico.com\/sitio\/wp-json\/wp\/v2\/tags?post=50658"}],"curies":[{"name":"wp","href":"https:\/\/api.w.org\/{rel}","templated":true}]}}