{"id":50713,"date":"2020-07-14T12:23:50","date_gmt":"2020-07-14T17:23:50","guid":{"rendered":"http:\/\/globalnewsmexico.com\/sitio\/?p=50713"},"modified":"2020-07-14T12:23:54","modified_gmt":"2020-07-14T17:23:54","slug":"hasta-octubre-terminara-el-primer-ciclo-de-la-pandemia-lopez-gatell","status":"publish","type":"post","link":"https:\/\/globalnewsmexico.com\/sitio\/hasta-octubre-terminara-el-primer-ciclo-de-la-pandemia-lopez-gatell\/","title":{"rendered":"Hasta octubre terminar\u00e1 el primer ciclo de la pandemia: L\u00f3pez-Gatell"},"content":{"rendered":"\n<p>El subsecretario de Salud, Hugo L\u00f3pez-Gatell, prev\u00e9 que en\u00a0octubre\u00a0se concluya el\u00a0primer ciclo\u00a0de la pandemia de Covid-19 en el pa\u00eds, pues el porcentaje de cambio diario de casos estimados \u201ccada d\u00eda es menor\u201d, ya que actualmente est\u00e1 en 1.4 por ciento.<\/p>\n\n\n\n<p>\u201cEsta es una epidemia que afecta a todo el mundo. En M\u00e9xico tenemos una pandemia que inici\u00f3 el 28 de febrero, cuando se dio a conocer el primer caso de contagio, y\u00a0terminar\u00e1 en octubre el primer ciclo de la epidemia\u201d, detall\u00f3 el funcionario de Salud.<\/p>\n\n\n\n<p>En ese sentido, asegur\u00f3 que\u00a0en octubre\u00a0enfrentaremos la temporada de\u00a0influenza, pero \u201ces posible que el Covid-19 pudiera incorporarse a un nuevo ciclo de transmisi\u00f3n hasta marzo de 2021\u201d.<\/p>\n\n\n\n<p>Por otro lado,\u00a0L\u00f3pez-Gatell\u00a0destac\u00f3 que en el Valle de M\u00e9xico, la zona de mayor intensidad de la epidemia, se han reducido los casos de coronavirus.<\/p>\n\n\n\n<p>Fuente: Radio F\u00f3rmula<\/p>\n","protected":false},"excerpt":{"rendered":"<p>#Atento El subsecretario de Salud, #HugoL\u00f3pezGatell, prev\u00e9 que en octubre se concluya el primer ciclo de la #pandemia de #Covid19 en el pa\u00eds, pues el porcentaje de cambio diario de casos estimados \u201ccada d\u00eda es menor\u201d, ya que actualmente est\u00e1 en 1.4 por ciento.<\/p>\n","protected":false},"author":5,"featured_media":50714,"comment_status":"closed","ping_status":"open","sticky":false,"template":"","format":"standard","meta":{"spay_email":"","footnotes":""},"categories":[37,8,39,52],"tags":[],"jetpack_featured_media_url":"https:\/\/i1.wp.com\/globalnewsmexico.com\/sitio\/wp-content\/uploads\/2020\/07\/subsecretario-salud-lopez-gatell-conferencia-2.jpeg?fit=958%2C637&ssl=1","jetpack_sharing_enabled":true,"jetpack_shortlink":"https:\/\/wp.me\/p9yqPL-dbX","jetpack_likes_enabled":true,"_links":{"self":[{"href":"https:\/\/globalnewsmexico.com\/sitio\/wp-json\/wp\/v2\/posts\/50713"}],"collection":[{"href":"https:\/\/globalnewsmexico.com\/sitio\/wp-json\/wp\/v2\/posts"}],"about":[{"href":"https:\/\/globalnewsmexico.com\/sitio\/wp-json\/wp\/v2\/types\/post"}],"author":[{"embeddable":true,"href":"https:\/\/globalnewsmexico.com\/sitio\/wp-json\/wp\/v2\/users\/5"}],"replies":[{"embeddable":true,"href":"https:\/\/globalnewsmexico.com\/sitio\/wp-json\/wp\/v2\/comments?post=50713"}],"version-history":[{"count":0,"href":"https:\/\/globalnewsmexico.com\/sitio\/wp-json\/wp\/v2\/posts\/50713\/revisions"}],"wp:featuredmedia":[{"embeddable":true,"href":"https:\/\/globalnewsmexico.com\/sitio\/wp-json\/wp\/v2\/media\/50714"}],"wp:attachment":[{"href":"https:\/\/globalnewsmexico.com\/sitio\/wp-json\/wp\/v2\/media?parent=50713"}],"wp:term":[{"taxonomy":"category","embeddable":true,"href":"https:\/\/globalnewsmexico.com\/sitio\/wp-json\/wp\/v2\/categories?post=50713"},{"taxonomy":"post_tag","embeddable":true,"href":"https:\/\/globalnewsmexico.com\/sitio\/wp-json\/wp\/v2\/tags?post=50713"}],"curies":[{"name":"wp","href":"https:\/\/api.w.org\/{rel}","templated":true}]}}