{"id":50753,"date":"2020-07-15T10:04:54","date_gmt":"2020-07-15T15:04:54","guid":{"rendered":"http:\/\/globalnewsmexico.com\/sitio\/?p=50753"},"modified":"2020-07-15T10:04:57","modified_gmt":"2020-07-15T15:04:57","slug":"gobierno-de-yucatan-ordena-toque-de-queda-y-regreso-de-ley-seca","status":"publish","type":"post","link":"https:\/\/globalnewsmexico.com\/sitio\/gobierno-de-yucatan-ordena-toque-de-queda-y-regreso-de-ley-seca\/","title":{"rendered":"Gobierno de Yucat\u00e1n ordena toque de queda y regreso de ley seca"},"content":{"rendered":"\n<p>El Gobierno de Yucat\u00e1n\u00a0anunci\u00f3 que en la entidad se impondr\u00e1n\u00a0nuevas medidas de restricci\u00f3n a la movilidad, adem\u00e1s de que se\u00a0regresar\u00e1 a la ley seca,\u00a0ante el\u00a0aumento de los casos de Covid-19\u00a0que se registran en varios municipios.<\/p>\n\n\n\n<p>A trav\u00e9s de sus redes sociales,\u00a0el gobernador Mauricio Vila\u00a0comparti\u00f3 un mensaje en el que realiz\u00f3 un \u201c\u00faltimo llamado a los yucatecos\u00bb para que tomen con seriedad la pandemia y se\u00a0apliquen las medidas sanitarias y reduzcan su movilidad.<\/p>\n\n\n\n<p>El mandatario subray\u00f3 que se realizar\u00e1 un operativo en todo el estado, que\u00a0evitar\u00e1 la circulaci\u00f3n vial de las 10 de la noche a las 5 de la ma\u00f1ana.<\/p>\n\n\n\n<p>La restricci\u00f3n no incluye a los\u00a0municipios costeros, donde ser\u00e1 a partir de las 9 de la noche y aplicar\u00e1 para todos los veh\u00edculos, menos de emergencia.<\/p>\n\n\n\n<p>Agreg\u00f3 que los\u00a0negocios no esenciales deber\u00e1n cerrar a las 6 de la tarde\u00a0y no podr\u00e1n abrir los fines de semana; restaurantes cerrar\u00e1n a las 10 de la noche, s\u00e1bados y domingos solo operar\u00e1n con servicio a domicilio, para llevar y plataformas.<\/p>\n\n\n\n<p>A partir de ma\u00f1ana, 16 de julio, se cerrar\u00e1n todas las marinas, por lo que deber\u00e1 ordenarse el regreso inmediato de todas las embarcaciones recreativas para estar en tierra.<\/p>\n\n\n\n<p>Mauricio Vila consider\u00f3 que el \u00e9xito de las medidas depende de la responsabilidad que cada ciudadano ponga en aplicarlas y no poner en riesgo la\u00a0capacidad hospitalaria.<\/p>\n\n\n\n<p>Fuente: Exc\u00e9lsior<\/p>\n","protected":false},"excerpt":{"rendered":"<p>#M\u00e9xico El Gobierno de #Yucat\u00e1n anunci\u00f3 que en la entidad se impondr\u00e1n nuevas medidas de restricci\u00f3n a la #movilidad, adem\u00e1s de que se regresar\u00e1 a la #LeySeca, ante el aumento de los casos de #Covid19 que se registran en varios municipios.<\/p>\n","protected":false},"author":5,"featured_media":50754,"comment_status":"closed","ping_status":"open","sticky":false,"template":"","format":"standard","meta":{"spay_email":"","footnotes":""},"categories":[37,8,49,52],"tags":[],"jetpack_featured_media_url":"https:\/\/i0.wp.com\/globalnewsmexico.com\/sitio\/wp-content\/uploads\/2020\/07\/2400323.jpg?fit=1040%2C780&ssl=1","jetpack_sharing_enabled":true,"jetpack_shortlink":"https:\/\/wp.me\/p9yqPL-dcB","jetpack_likes_enabled":true,"_links":{"self":[{"href":"https:\/\/globalnewsmexico.com\/sitio\/wp-json\/wp\/v2\/posts\/50753"}],"collection":[{"href":"https:\/\/globalnewsmexico.com\/sitio\/wp-json\/wp\/v2\/posts"}],"about":[{"href":"https:\/\/globalnewsmexico.com\/sitio\/wp-json\/wp\/v2\/types\/post"}],"author":[{"embeddable":true,"href":"https:\/\/globalnewsmexico.com\/sitio\/wp-json\/wp\/v2\/users\/5"}],"replies":[{"embeddable":true,"href":"https:\/\/globalnewsmexico.com\/sitio\/wp-json\/wp\/v2\/comments?post=50753"}],"version-history":[{"count":0,"href":"https:\/\/globalnewsmexico.com\/sitio\/wp-json\/wp\/v2\/posts\/50753\/revisions"}],"wp:featuredmedia":[{"embeddable":true,"href":"https:\/\/globalnewsmexico.com\/sitio\/wp-json\/wp\/v2\/media\/50754"}],"wp:attachment":[{"href":"https:\/\/globalnewsmexico.com\/sitio\/wp-json\/wp\/v2\/media?parent=50753"}],"wp:term":[{"taxonomy":"category","embeddable":true,"href":"https:\/\/globalnewsmexico.com\/sitio\/wp-json\/wp\/v2\/categories?post=50753"},{"taxonomy":"post_tag","embeddable":true,"href":"https:\/\/globalnewsmexico.com\/sitio\/wp-json\/wp\/v2\/tags?post=50753"}],"curies":[{"name":"wp","href":"https:\/\/api.w.org\/{rel}","templated":true}]}}