{"id":50791,"date":"2020-07-15T15:11:22","date_gmt":"2020-07-15T20:11:22","guid":{"rendered":"http:\/\/globalnewsmexico.com\/sitio\/?p=50791"},"modified":"2020-07-15T15:11:25","modified_gmt":"2020-07-15T20:11:25","slug":"umpc-cordoba-supervisa-puntos-de-cierre-de-la-ciudad-tras-decreto-gubernamental","status":"publish","type":"post","link":"https:\/\/globalnewsmexico.com\/sitio\/umpc-cordoba-supervisa-puntos-de-cierre-de-la-ciudad-tras-decreto-gubernamental\/","title":{"rendered":"UMPC C\u00f3rdoba supervisa puntos de cierre de la ciudad tras decreto gubernamental"},"content":{"rendered":"\n<p>La Unidad Municipal de Protecci\u00f3n Civil (UMPC) de C\u00f3rdoba supervisa los puntos de cierre de la ciudad implementados por autoridades estatales, tras la emisi\u00f3n del decreto del Gobernador de Veracruz, a trav\u00e9s del cual se determinan medidas temporales para reducir la aglomeraci\u00f3n y movilidad ciudadana del 15 al 31 de julio del 2020.<\/p>\n\n\n\n<p>Jos\u00e9 Sierra Silva, titular de la UMPC, agradeci\u00f3 el hecho de que autoridades estatales se sumar\u00e1n a las acciones que el Ayuntamiento de C\u00f3rdoba ha implementado desde hace 14 semanas epidemiolog\u00edas en las que el aumento de casos positivos de Covid-19 se ha incrementado de manera considerables; tales como vigilar el uso de cubreboca en el transporte p\u00fablico, procurar distancia m\u00ednima de 2 metros entre ciudadanos en espacio p\u00fablicos cerrados y el lavado constante de manos.<\/p>\n\n\n\n<p>El funcionario municipal reiter\u00f3 el compromiso del Ayuntamiento de C\u00f3rdoba, que preside Leticia L\u00f3pez Landero para trabajar a favor de la salud de las y los cordobeses, convocando a la poblaci\u00f3n a no bajar la guardia contra el Covid-19 y a seguir las recomendaciones emitidas por autoridades en materia de salud.<\/p>\n","protected":false},"excerpt":{"rendered":"<p>#Local La Unidad Municipal de #Protecci\u00f3nCivil de #C\u00f3rdoba supervisa los puntos de cierre de la ciudad, tras la emisi\u00f3n del decreto del Gobernador de #Veracruz para reducir la aglomeraci\u00f3n y #movilidad ciudadana del 15 al 31 de julio, debido al #Covid19.<\/p>\n","protected":false},"author":5,"featured_media":50792,"comment_status":"closed","ping_status":"open","sticky":false,"template":"","format":"standard","meta":{"spay_email":"","footnotes":""},"categories":[37,8,50,52],"tags":[],"jetpack_featured_media_url":"https:\/\/i1.wp.com\/globalnewsmexico.com\/sitio\/wp-content\/uploads\/2020\/07\/f36a414c-05a4-4a15-95a0-5c029d2df752.jpg?fit=1040%2C693&ssl=1","jetpack_sharing_enabled":true,"jetpack_shortlink":"https:\/\/wp.me\/p9yqPL-ddd","jetpack_likes_enabled":true,"_links":{"self":[{"href":"https:\/\/globalnewsmexico.com\/sitio\/wp-json\/wp\/v2\/posts\/50791"}],"collection":[{"href":"https:\/\/globalnewsmexico.com\/sitio\/wp-json\/wp\/v2\/posts"}],"about":[{"href":"https:\/\/globalnewsmexico.com\/sitio\/wp-json\/wp\/v2\/types\/post"}],"author":[{"embeddable":true,"href":"https:\/\/globalnewsmexico.com\/sitio\/wp-json\/wp\/v2\/users\/5"}],"replies":[{"embeddable":true,"href":"https:\/\/globalnewsmexico.com\/sitio\/wp-json\/wp\/v2\/comments?post=50791"}],"version-history":[{"count":0,"href":"https:\/\/globalnewsmexico.com\/sitio\/wp-json\/wp\/v2\/posts\/50791\/revisions"}],"wp:featuredmedia":[{"embeddable":true,"href":"https:\/\/globalnewsmexico.com\/sitio\/wp-json\/wp\/v2\/media\/50792"}],"wp:attachment":[{"href":"https:\/\/globalnewsmexico.com\/sitio\/wp-json\/wp\/v2\/media?parent=50791"}],"wp:term":[{"taxonomy":"category","embeddable":true,"href":"https:\/\/globalnewsmexico.com\/sitio\/wp-json\/wp\/v2\/categories?post=50791"},{"taxonomy":"post_tag","embeddable":true,"href":"https:\/\/globalnewsmexico.com\/sitio\/wp-json\/wp\/v2\/tags?post=50791"}],"curies":[{"name":"wp","href":"https:\/\/api.w.org\/{rel}","templated":true}]}}