{"id":50815,"date":"2020-07-16T10:45:17","date_gmt":"2020-07-16T15:45:17","guid":{"rendered":"http:\/\/globalnewsmexico.com\/sitio\/?p=50815"},"modified":"2020-07-16T12:42:33","modified_gmt":"2020-07-16T17:42:33","slug":"alfaro-entregara-a-amlo-datos-de-caso-giovanni","status":"publish","type":"post","link":"https:\/\/globalnewsmexico.com\/sitio\/alfaro-entregara-a-amlo-datos-de-caso-giovanni\/","title":{"rendered":"Alfaro entregar\u00e1 a AMLO datos de caso Giovanni"},"content":{"rendered":"\n<p>El&nbsp;gobernador de Jalisco,&nbsp;Enrique Alfaro, revel\u00f3 este jueves que entregar\u00e1&nbsp;en privado al&nbsp;presidente Andr\u00e9s Manuel L\u00f3pez Obrador, toda la&nbsp;informaci\u00f3n&nbsp;relacionada con el&nbsp;caso de Giovanni L\u00f3pez, joven asesinado por polic\u00edas de la entidad.<\/p>\n\n\n\n<p>Ante cuestionamientos de la prensa en la conferencia ma\u00f1anera realizada en Zapopan,&nbsp;Alfaro&nbsp;destac\u00f3 que le dar\u00e1 todos los datos al presidente, pero no abonar\u00e1 m\u00e1s a la&nbsp;confrontaci\u00f3n&nbsp;y al debate de este tema en medios de comunicaci\u00f3n.<\/p>\n\n\n\n<p>Se trata de&nbsp;informaci\u00f3n&nbsp;del caso de un joven asesinado por polic\u00edas en&nbsp;Jalisco&nbsp;y que en su momento se atribuy\u00f3 a que se realiz\u00f3 porque Gionanni no portaba&nbsp;cubrebocas. Luego de que se le diera difusi\u00f3n al asesinato, se realizaron diversas manifestaciones en el estado. En su momento,&nbsp;Alfaro&nbsp;dijo que estas reacciones se generaron desde los \u00abs\u00f3tanos del poder\u00bb de la&nbsp;Ciudad de M\u00e9xico.<\/p>\n\n\n\n<p>\u00abTendr\u00e9 la oportunidad en un rato m\u00e1s de&nbsp;platicar con el presidente, est\u00e1n los testimonios y las&nbsp;grabaciones&nbsp;por si se ofrec\u00eda el caso. Lo que dije es que el presidente es un hombre de bien y que no har\u00eda nada para lastimar a&nbsp;Jalisco.<\/p>\n\n\n\n<p>Lo dije desde un principio y se\u00f1al\u00e9 por supuesto la percepci\u00f3n que tenemos de la intervenci\u00f3n de algunos actores que, por supuesto es mi compromiso, adem\u00e1s as\u00ed lo hice p\u00fablicamente, de entregarle al presidente de manera personal la&nbsp;informaci\u00f3n&nbsp;que tenemos al respecto y conf\u00edo en que la va a revisar y tomar las decisiones que sean convenientes\u00bb, explic\u00f3 el gobernador jalisciense.<\/p>\n\n\n\n<p>Aunque hay quien todav\u00eda busca \u00abecharle le\u00f1a al fuego\u00bb,&nbsp;Alfaro&nbsp;dijo que no se enfrentar\u00e1 con&nbsp;L\u00f3pez Obrador.<\/p>\n\n\n\n<p>\u00abYo s\u00e9 que hay quienes quieren echarle le\u00f1a al fuego. No le voy a entrar, yo al presidente lo respeto y lo aprecio, le voy a entregar la&nbsp;informaci\u00f3n&nbsp;que tenemos con respecto a lo que pas\u00f3\u00bb, expuso.<\/p>\n\n\n\n<p>Agreg\u00f3 que \u00abson temas que, agradezco mucho la oportunidad, que hay de&nbsp;platicar con el presidente; lo har\u00e9 como deben hacerse las cosas, platicando de frente con argumentos y no en un ejercicio que siga alentando el enfrentamiento y el debate medi\u00e1tico, no voy a estar en esa din\u00e1mica, si eso lo esperaban de m\u00ed pues lo siento\u00bb.<\/p>\n\n\n\n<p>Fuente: La Silla Rota<\/p>\n","protected":false},"excerpt":{"rendered":"<p>#Destacamos El gobernador de #Jalisco, #EnriqueAlfaro, revel\u00f3 que entregar\u00e1 en privado al presidente #Andr\u00e9sManuelL\u00f3pezObrador toda la informaci\u00f3n relacionada con el caso de #GiovanniL\u00f3pez, joven asesinado por #polic\u00edas de la entidad.<\/p>\n","protected":false},"author":5,"featured_media":50816,"comment_status":"closed","ping_status":"open","sticky":false,"template":"","format":"standard","meta":{"spay_email":"","footnotes":""},"categories":[37,8,40,52],"tags":[],"jetpack_featured_media_url":"https:\/\/i1.wp.com\/globalnewsmexico.com\/sitio\/wp-content\/uploads\/2020\/07\/alfaro-amlo-reconstruir-relacion-16072020.jpg?fit=1040%2C650&ssl=1","jetpack_sharing_enabled":true,"jetpack_shortlink":"https:\/\/wp.me\/p9yqPL-ddB","jetpack_likes_enabled":true,"_links":{"self":[{"href":"https:\/\/globalnewsmexico.com\/sitio\/wp-json\/wp\/v2\/posts\/50815"}],"collection":[{"href":"https:\/\/globalnewsmexico.com\/sitio\/wp-json\/wp\/v2\/posts"}],"about":[{"href":"https:\/\/globalnewsmexico.com\/sitio\/wp-json\/wp\/v2\/types\/post"}],"author":[{"embeddable":true,"href":"https:\/\/globalnewsmexico.com\/sitio\/wp-json\/wp\/v2\/users\/5"}],"replies":[{"embeddable":true,"href":"https:\/\/globalnewsmexico.com\/sitio\/wp-json\/wp\/v2\/comments?post=50815"}],"version-history":[{"count":0,"href":"https:\/\/globalnewsmexico.com\/sitio\/wp-json\/wp\/v2\/posts\/50815\/revisions"}],"wp:featuredmedia":[{"embeddable":true,"href":"https:\/\/globalnewsmexico.com\/sitio\/wp-json\/wp\/v2\/media\/50816"}],"wp:attachment":[{"href":"https:\/\/globalnewsmexico.com\/sitio\/wp-json\/wp\/v2\/media?parent=50815"}],"wp:term":[{"taxonomy":"category","embeddable":true,"href":"https:\/\/globalnewsmexico.com\/sitio\/wp-json\/wp\/v2\/categories?post=50815"},{"taxonomy":"post_tag","embeddable":true,"href":"https:\/\/globalnewsmexico.com\/sitio\/wp-json\/wp\/v2\/tags?post=50815"}],"curies":[{"name":"wp","href":"https:\/\/api.w.org\/{rel}","templated":true}]}}