{"id":50850,"date":"2020-07-16T14:28:30","date_gmt":"2020-07-16T19:28:30","guid":{"rendered":"http:\/\/globalnewsmexico.com\/sitio\/?p=50850"},"modified":"2020-07-16T14:28:33","modified_gmt":"2020-07-16T19:28:33","slug":"juez-ordena-a-lopez-gatell-responder-amparo-por-suspension-de-semaforo-epidemiologico","status":"publish","type":"post","link":"https:\/\/globalnewsmexico.com\/sitio\/juez-ordena-a-lopez-gatell-responder-amparo-por-suspension-de-semaforo-epidemiologico\/","title":{"rendered":"Juez ordena a L\u00f3pez-Gatell responder amparo por suspensi\u00f3n de sem\u00e1foro epidemiol\u00f3gico"},"content":{"rendered":"\n<p>Gabriel Regis L\u00f3pez, juez D\u00e9cimo Sexto de Distrito en Materia Administrativa, orden\u00f3 a Hugo L\u00f3pez-Gatell, subsecretario de Prevenci\u00f3n y Promoci\u00f3n de la Salud, responder a una demanda de amparo en la que se aleg\u00f3 la inconstitucionalidad de la decisi\u00f3n de ya no publicar diariamente el sem\u00e1foro epidemiol\u00f3gico nacional de Covid-19.<\/p>\n\n\n\n<p>En una notificaci\u00f3n publicada este jueves, el juzgador se neg\u00f3 a conceder la suspensi\u00f3n provisional solicitada por la parte quejosa, quien pedir\u00e1 que se reanude la publicaci\u00f3n del sem\u00e1foro.<\/p>\n\n\n\n<p>El juzgado acept\u00f3 a tr\u00e1mite el amparo promovido por Carlos Elizondo Su\u00e1rez, el cual qued\u00f3 registrado en el expediente 469\/2020.<\/p>\n\n\n\n<p>\u201cRequi\u00e9ranse a la autoridad responsable para que dentro del plazo de 15 d\u00edas rinda su informe justificado, en el que deber\u00e1 exponer las razones y fundamentos legales que estime pertinentes para sostener la constitucionalidad de los actos que se le reclaman o la improcedencia del juicio\u201d, dijo el juzgador.<\/p>\n\n\n\n<p>\u201cSe niega la suspensi\u00f3n provisional en contra de los actos del secretario de Prevenci\u00f3n y Promoci\u00f3n de la Salud con relaci\u00f3n a los efectos y consecuencias del acto reclamado consistente en la omisi\u00f3n de publicar el sem\u00e1foro epidemiol\u00f3gico del 10 de julio de 2020\u201d, agreg\u00f3.<\/p>\n\n\n\n<p>Seg\u00fan el demandante, la omisi\u00f3n de publicar el sem\u00e1foro viola sus derechos humanos consagrados en los art\u00edculos 1, 4, 6, 8, 14 y 16 de la Constituci\u00f3n federal, relativos a los derechos a la salud e informaci\u00f3n, entre otros.<\/p>\n\n\n\n<p>En los antecedentes de la demanda, el quejoso record\u00f3 que el 10 de julio, el subsecretario L\u00f3pez-Gatell anunci\u00f3 que ya no actualizar\u00eda el sem\u00e1foro epidemiol\u00f3gico por inconsistencias en la informaci\u00f3n que aportan los estados, lo que provocaba el riesgo de una apertura demasiado r\u00e1pida.<\/p>\n\n\n\n<p>Dijo que en su \u00faltima actualizaci\u00f3n, del 6 de julio, el sem\u00e1foro ten\u00eda a 15 estados en rojo y 17 en naranja.<\/p>\n\n\n\n<p>Fuente: El Financiero<\/p>\n","protected":false},"excerpt":{"rendered":"<p>#Ent\u00e9rate Un #juez orden\u00f3 al subsecretario de Salud, #HugoL\u00f3pezGatell, responder a una demanda de #amparo en la que se aleg\u00f3 la inconstitucionalidad de la decisi\u00f3n de ya no publicar diariamente el #Sem\u00e1foroEpidemiol\u00f3gico nacional de #Covid19.<\/p>\n","protected":false},"author":5,"featured_media":50851,"comment_status":"closed","ping_status":"open","sticky":false,"template":"","format":"standard","meta":{"spay_email":"","footnotes":""},"categories":[37,8,39,52],"tags":[],"jetpack_featured_media_url":"https:\/\/i1.wp.com\/globalnewsmexico.com\/sitio\/wp-content\/uploads\/2020\/07\/hugo-lopez-gatell-subsecretario-prevencion-11.jpg?fit=958%2C596&ssl=1","jetpack_sharing_enabled":true,"jetpack_shortlink":"https:\/\/wp.me\/p9yqPL-dea","jetpack_likes_enabled":true,"_links":{"self":[{"href":"https:\/\/globalnewsmexico.com\/sitio\/wp-json\/wp\/v2\/posts\/50850"}],"collection":[{"href":"https:\/\/globalnewsmexico.com\/sitio\/wp-json\/wp\/v2\/posts"}],"about":[{"href":"https:\/\/globalnewsmexico.com\/sitio\/wp-json\/wp\/v2\/types\/post"}],"author":[{"embeddable":true,"href":"https:\/\/globalnewsmexico.com\/sitio\/wp-json\/wp\/v2\/users\/5"}],"replies":[{"embeddable":true,"href":"https:\/\/globalnewsmexico.com\/sitio\/wp-json\/wp\/v2\/comments?post=50850"}],"version-history":[{"count":0,"href":"https:\/\/globalnewsmexico.com\/sitio\/wp-json\/wp\/v2\/posts\/50850\/revisions"}],"wp:featuredmedia":[{"embeddable":true,"href":"https:\/\/globalnewsmexico.com\/sitio\/wp-json\/wp\/v2\/media\/50851"}],"wp:attachment":[{"href":"https:\/\/globalnewsmexico.com\/sitio\/wp-json\/wp\/v2\/media?parent=50850"}],"wp:term":[{"taxonomy":"category","embeddable":true,"href":"https:\/\/globalnewsmexico.com\/sitio\/wp-json\/wp\/v2\/categories?post=50850"},{"taxonomy":"post_tag","embeddable":true,"href":"https:\/\/globalnewsmexico.com\/sitio\/wp-json\/wp\/v2\/tags?post=50850"}],"curies":[{"name":"wp","href":"https:\/\/api.w.org\/{rel}","templated":true}]}}