{"id":50869,"date":"2020-07-17T09:43:08","date_gmt":"2020-07-17T14:43:08","guid":{"rendered":"http:\/\/globalnewsmexico.com\/sitio\/?p=50869"},"modified":"2020-07-17T09:43:12","modified_gmt":"2020-07-17T14:43:12","slug":"emilio-lozoya-es-internado-en-un-hospital-por-anemia","status":"publish","type":"post","link":"https:\/\/globalnewsmexico.com\/sitio\/emilio-lozoya-es-internado-en-un-hospital-por-anemia\/","title":{"rendered":"Emilio Lozoya es internado en un hospital por anemia"},"content":{"rendered":"\n<p>Luego de que la madrugada de este\u00a0viernes el exdirector de Pemex, Emilio Lozoya, llegara a M\u00e9xico desde Espa\u00f1a, se procedi\u00f3 con el protocolo correspondiente ante el Ministerio P\u00fablico Federal, en donde adem\u00e1s de que se le leyeron sus derechos, tambi\u00e9n se le realiz\u00f3 un examen m\u00e9dico.<\/p>\n\n\n\n<p>El equipo m\u00e9dico de la Fiscal\u00eda General de la Rep\u00fablica (FGR), determin\u00f3 que Lozoya presenta anemia desarrollada y problemas sensibles en el es\u00f3fago, adem\u00e1s de debilidad general en toda su salud.<\/p>\n\n\n\n<p>Es de mencionar que su familia autoriz\u00f3 la revisi\u00f3n de un m\u00e9dico particular, quien hall\u00f3 los mismos padecimientos que el equipo de la FGR.<\/p>\n\n\n\n<p>Fue de tal modo que se traslad\u00f3 a un hospital privado, seg\u00fan dijo en la conferencia matutina el secretario\u00a0Alfonso Durazo, solo se espera que se confirmen las fechas de las audiencias, pues se ten\u00eda una programada para el mediod\u00eda.<\/p>\n\n\n\n<p>A Emilio Lozoya le espera responder a los casos de Agronitrogenados y Odebrecht.<\/p>\n\n\n\n<p>Fuente: El Heraldo de M\u00e9xico<\/p>\n","protected":false},"excerpt":{"rendered":"<p>#Destacamos Luego de que la madrugada de este viernes el exdirector de #Pemex, #EmilioLozoya, llegara a #M\u00e9xico desde #Espa\u00f1a, el equipo m\u00e9dico de la #FGR determin\u00f3 que este presenta anemia y problemas en el es\u00f3fago, por lo que fue internado en un #hospital privado.<\/p>\n","protected":false},"author":5,"featured_media":50870,"comment_status":"closed","ping_status":"open","sticky":false,"template":"","format":"standard","meta":{"spay_email":"","footnotes":""},"categories":[37,8,39,52],"tags":[],"jetpack_featured_media_url":"https:\/\/i1.wp.com\/globalnewsmexico.com\/sitio\/wp-content\/uploads\/2020\/07\/1111765.jpg?fit=1024%2C683&ssl=1","jetpack_sharing_enabled":true,"jetpack_shortlink":"https:\/\/wp.me\/p9yqPL-det","jetpack_likes_enabled":true,"_links":{"self":[{"href":"https:\/\/globalnewsmexico.com\/sitio\/wp-json\/wp\/v2\/posts\/50869"}],"collection":[{"href":"https:\/\/globalnewsmexico.com\/sitio\/wp-json\/wp\/v2\/posts"}],"about":[{"href":"https:\/\/globalnewsmexico.com\/sitio\/wp-json\/wp\/v2\/types\/post"}],"author":[{"embeddable":true,"href":"https:\/\/globalnewsmexico.com\/sitio\/wp-json\/wp\/v2\/users\/5"}],"replies":[{"embeddable":true,"href":"https:\/\/globalnewsmexico.com\/sitio\/wp-json\/wp\/v2\/comments?post=50869"}],"version-history":[{"count":0,"href":"https:\/\/globalnewsmexico.com\/sitio\/wp-json\/wp\/v2\/posts\/50869\/revisions"}],"wp:featuredmedia":[{"embeddable":true,"href":"https:\/\/globalnewsmexico.com\/sitio\/wp-json\/wp\/v2\/media\/50870"}],"wp:attachment":[{"href":"https:\/\/globalnewsmexico.com\/sitio\/wp-json\/wp\/v2\/media?parent=50869"}],"wp:term":[{"taxonomy":"category","embeddable":true,"href":"https:\/\/globalnewsmexico.com\/sitio\/wp-json\/wp\/v2\/categories?post=50869"},{"taxonomy":"post_tag","embeddable":true,"href":"https:\/\/globalnewsmexico.com\/sitio\/wp-json\/wp\/v2\/tags?post=50869"}],"curies":[{"name":"wp","href":"https:\/\/api.w.org\/{rel}","templated":true}]}}