{"id":50901,"date":"2020-07-17T14:15:00","date_gmt":"2020-07-17T19:15:00","guid":{"rendered":"http:\/\/globalnewsmexico.com\/sitio\/?p=50901"},"modified":"2020-07-17T14:15:03","modified_gmt":"2020-07-17T19:15:03","slug":"hombre-fotografiado-afuera-del-reclusorio-norte-no-era-emilio-lozoya","status":"publish","type":"post","link":"https:\/\/globalnewsmexico.com\/sitio\/hombre-fotografiado-afuera-del-reclusorio-norte-no-era-emilio-lozoya\/","title":{"rendered":"Hombre fotografiado afuera del Reclusorio Norte, no era Emilio Lozoya"},"content":{"rendered":"\n<p>Si bien\u00a0un convoy de varias camionetas\u00a0escoltadas por elementos de la Agencia de Investigaci\u00f3n Criminal (AIC) salieron del aeropuerto rumbo al Reclusorio Norte,\u00a0el hombre que iba al interior no era Emilio Lozoya Austin. \u201cEsa\u00a0fue otra diligencia\u201d, asegur\u00f3 la Fiscal\u00eda General de la Rep\u00fablica (FGR).<\/p>\n\n\n\n<p>Emilio Lozoya Austin\u00a0lleg\u00f3 a M\u00e9xico, sin embargo,\u00a0nunca pis\u00f3 las instalaciones del Reclusorio Norte, sino que fue\u00a0trasladado directamente del aeropuerto a un hospital privado, despu\u00e9s de que se le hicieran\u00a0revisiones m\u00e9dicas\u00a0y se determinara que se le hab\u00eda encontrado \u201canemia desarrollada\u00a0y problemas sensibles en el es\u00f3fago\u201d.<\/p>\n\n\n\n<p>De acuerdo con un reporte que fuentes de la FGR dieron a\u00a0Animal Pol\u00edtico, el exdirector de Petr\u00f3leos Mexicano (Pemex), pese al vistoso operativo que se mont\u00f3,\u00a0en ning\u00fan momento lleg\u00f3 al Reclusorio Norte, a pesar de que el secretario de Seguridad y Protecci\u00f3n Ciudadana,\u00a0Alfonso Durazo,\u00a0confirm\u00f3 esta versi\u00f3n durante la conferencia matutina.<\/p>\n\n\n\n<p>Por medio de su cuenta de Twitter, la FGR detall\u00f3 que el extraditado arrib\u00f3 a suelo mexicano a las\u00a000:46 horas del 17 de julio. Se le aplicaron los protocolos correspondientes de\u00a0lectura\u00a0de derechos\u00a0y se le inform\u00f3 que se le estaban ejecutando\u00a0\u00f3rdenes de aprehensi\u00f3n por los casos de\u00a0Odebrecht\u00a0y\u00a0Agronitrogenados, por los cuales quedaba\u00a0detenido.<\/p>\n\n\n\n<p>En ese lugar, el perito m\u00e9dico de la Fiscal\u00eda le realiz\u00f3 una\u00a0revisi\u00f3n f\u00edsica y m\u00e9dica, la cual concluy\u00f3 en\u00a0\u201canemia desarrollada y problemas en el es\u00f3fago\u201d, adem\u00e1s de\u00a0debilidad general en toda su salud, por lo que se propuso, y autoriz\u00f3, su\u00a0internaci\u00f3n en un hospital privado, donde permanece en\u00a0\u201ccalidad de detenido bajo estricta vigilancia policiaca\u201d.<\/p>\n\n\n\n<p>Cabe mencionar que los\u00a0jueces\u00a0de ambos casos fueron\u00a0comunicados sobre el estado de salud de Lozoya, por lo que\u00a0a\u00fan se mantienen a la espera de la determinaci\u00f3n sobre las fechas para las audiencias iniciales correspondientes.<\/p>\n\n\n\n<p>El extitular de Pemex deber\u00e1 enfrentar un\u00a0par de procesos penales, uno de ellos por los delitos de\u00a0lavado de dinero, cohecho y asociaci\u00f3n delictuosa, en torno al caso\u00a0Odebrecth, mientras que el otro ser\u00e1 por\u00a0lavado de dinero en el caso de Agronitrogenados.<\/p>\n\n\n\n<p>La audiencia inicial, inform\u00f3 el\u00a0Consejo de la Judicatura Federal\u00a0(CJF), se realizar\u00e1 a\u00a0puerta cerrada\u00a0sin presencia de los medios de comunicaci\u00f3n o p\u00fablico interesado en su cobertura, debido a las\u00a0medidas de prevenci\u00f3n sanitaria\u00a0que se han tomado para evitar los\u00a0contagios de Covid-19.<\/p>\n\n\n\n<p>La situaci\u00f3n intentar\u00e1 ser enmendada por las autoridades del CJF\u00a0a trav\u00e9s de un\u00a0chat de WhatsApp, donde transmitir\u00e1 \u201cla informaci\u00f3n de la\u00a0audiencia en tiempo\u00a0real\u201d para la prensa. \u201cSobra decir que la informaci\u00f3n que les transmitiremos ser\u00e1\u00a0\u00edntegra y objetiva\u201d, destacaron.<\/p>\n\n\n\n<p>El CJF argument\u00f3 que\u00a0esta es la mejor decisi\u00f3n \u201ctomando en consideraci\u00f3n los\u00a0principios de publicidad, as\u00ed como de\u00a0presunci\u00f3n de inocencia,\u00a0derecho a la privacidad e intimidad\u201d. As\u00ed, quedar\u00e1 en manos del Consejo de la Judicatura Federal la narraci\u00f3n de lo que suceda durante una de las\u00a0audiencias m\u00e1s esperadas en los \u00faltimos a\u00f1os en M\u00e9xico.<\/p>\n\n\n\n<p>Fuente: Infobae<\/p>\n","protected":false},"excerpt":{"rendered":"<p>#Ent\u00e9rate Si bien un #convoy de varias camionetas escoltadas por elementos de la Agencia de Investigaci\u00f3n Criminal (#AIC) salieron del #aeropuerto rumbo al #ReclusorioNorte, el hombre que iba al interior no era #EmilioLozoya. \u201cFue otra diligencia\u201d, asegur\u00f3 la #FGR.<\/p>\n","protected":false},"author":5,"featured_media":50870,"comment_status":"closed","ping_status":"open","sticky":false,"template":"","format":"standard","meta":{"spay_email":"","footnotes":""},"categories":[37,8,39,52],"tags":[],"jetpack_featured_media_url":"https:\/\/i1.wp.com\/globalnewsmexico.com\/sitio\/wp-content\/uploads\/2020\/07\/1111765.jpg?fit=1024%2C683&ssl=1","jetpack_sharing_enabled":true,"jetpack_shortlink":"https:\/\/wp.me\/p9yqPL-deZ","jetpack_likes_enabled":true,"_links":{"self":[{"href":"https:\/\/globalnewsmexico.com\/sitio\/wp-json\/wp\/v2\/posts\/50901"}],"collection":[{"href":"https:\/\/globalnewsmexico.com\/sitio\/wp-json\/wp\/v2\/posts"}],"about":[{"href":"https:\/\/globalnewsmexico.com\/sitio\/wp-json\/wp\/v2\/types\/post"}],"author":[{"embeddable":true,"href":"https:\/\/globalnewsmexico.com\/sitio\/wp-json\/wp\/v2\/users\/5"}],"replies":[{"embeddable":true,"href":"https:\/\/globalnewsmexico.com\/sitio\/wp-json\/wp\/v2\/comments?post=50901"}],"version-history":[{"count":0,"href":"https:\/\/globalnewsmexico.com\/sitio\/wp-json\/wp\/v2\/posts\/50901\/revisions"}],"wp:featuredmedia":[{"embeddable":true,"href":"https:\/\/globalnewsmexico.com\/sitio\/wp-json\/wp\/v2\/media\/50870"}],"wp:attachment":[{"href":"https:\/\/globalnewsmexico.com\/sitio\/wp-json\/wp\/v2\/media?parent=50901"}],"wp:term":[{"taxonomy":"category","embeddable":true,"href":"https:\/\/globalnewsmexico.com\/sitio\/wp-json\/wp\/v2\/categories?post=50901"},{"taxonomy":"post_tag","embeddable":true,"href":"https:\/\/globalnewsmexico.com\/sitio\/wp-json\/wp\/v2\/tags?post=50901"}],"curies":[{"name":"wp","href":"https:\/\/api.w.org\/{rel}","templated":true}]}}