{"id":50904,"date":"2020-07-17T14:39:08","date_gmt":"2020-07-17T19:39:08","guid":{"rendered":"http:\/\/globalnewsmexico.com\/sitio\/?p=50904"},"modified":"2020-07-17T14:39:11","modified_gmt":"2020-07-17T19:39:11","slug":"amlo-propone-nuevos-embajadores-para-espana-belice-iran-y-serbia","status":"publish","type":"post","link":"https:\/\/globalnewsmexico.com\/sitio\/amlo-propone-nuevos-embajadores-para-espana-belice-iran-y-serbia\/","title":{"rendered":"AMLO propone nuevos embajadores para Espa\u00f1a, Belice, Ir\u00e1n y Serbia"},"content":{"rendered":"\n<p>La Secretar\u00eda de Relaciones Exteriores (SRE) remitir\u00e1 para su ratificaci\u00f3n a la Comisi\u00f3n Permanente del Congreso, el nombramiento de\u00a0los embajadores para Espa\u00f1a, Belice, Ir\u00e1n y Serbia, propuestos por el presidente Andr\u00e9s Manuel L\u00f3pez Obrador.<\/p>\n\n\n\n<p>La lista est\u00e1 encabezada por\u00a0Mar\u00eda Carmen O\u00f1ate Mu\u00f1oz\u00a0como embajadora en el Reino de Espa\u00f1a, concurrente ante el Principado de Andorra, y\u00a0Carlos Isauro F\u00e9lix Corona\u00a0como embajador en la Rep\u00fablica de Serbia, concurrente ante Bosnia y Herzegovina, Montenegro, y la Rep\u00fablica de Macedonia del Norte.<\/p>\n\n\n\n<p>Tambi\u00e9n, se propone a\u00a0Martha Ofelia Zamarripa Rivas\u00a0como embajadora en Belice, quien tiene una amplia y reconocida trayectoria en M\u00e9xico como periodista, analista, columnista y comentarista en prensa escrita, radio y televisi\u00f3n, tratando temas pol\u00edticos e internacionales.<\/p>\n\n\n\n<p>Finalmente, est\u00e1\u00a0Guillermo Alejandro Puente Ordorica\u00a0como embajador en la Rep\u00fablica Isl\u00e1mica de Ir\u00e1n, concurrente ante la Rep\u00fablica Isl\u00e1mica de Afganist\u00e1n, la Rep\u00fablica Kirguisa, la Rep\u00fablica Isl\u00e1mica de Pakist\u00e1n, la Rep\u00fablica de Tayikist\u00e1n y la Rep\u00fablica de Uzbekist\u00e1n.<\/p>\n\n\n\n<p>Los diplom\u00e1ticos de carrera gozan de largas trayectorias y tendr\u00e1n la encomienda de velar por los derechos e intereses de M\u00e9xico y los mexicanos, y de impulsar las directrices de pol\u00edtica exterior.<\/p>\n\n\n\n<p>O\u00f1ate Mu\u00f1oz es diplom\u00e1tica de carrera desde 1979, con rango de embajadora desde 2012, se desempe\u00f1a\u00a0actualmente como\u00a0c\u00f3nsul titular en Barcelona. Conoce a fondo el contexto espa\u00f1ol, los lazos de amistad y colaboraci\u00f3n entre ambos pa\u00edses, y los m\u00faltiples actores que inciden en su desarrollo.<\/p>\n\n\n\n<p>En su trayectoria diplom\u00e1tica ha fungido como embajadora en Egipto y en Costa Rica, as\u00ed como directora general de Organismos y Mecanismos Regionales Americanos, para \u00c1frica y Medio Oriente, y del Acervo Hist\u00f3rico Diplom\u00e1tico, entre otros cargos.<\/p>\n\n\n\n<p>Mientras que Isauro F\u00e9lix Corona ha trabajador como c\u00f3nsul general en San Francisco y como director general de Protecci\u00f3n y Asuntos Consulares. Asimismo, ha estado adscrito a las embajadas en Estados Unidos, en la entonces Yugoslavia, en la Rep\u00fablica de Corea, y en los consulados generales en Los \u00c1ngeles y en San Diego.<\/p>\n\n\n\n<p>Fuente: Milenio<\/p>\n","protected":false},"excerpt":{"rendered":"<p>#Destacamos La Secretar\u00eda de Relaciones Exteriores (#SRE) remitir\u00e1 para su ratificaci\u00f3n a la Comisi\u00f3n Permanente del #Congreso, el nombramiento de los #embajadores para #Espa\u00f1a, #Belice, #Ir\u00e1n y #Serbia, propuestos por el presidente #Andr\u00e9sManuelL\u00f3pezObrador.<\/p>\n","protected":false},"author":5,"featured_media":50905,"comment_status":"closed","ping_status":"open","sticky":false,"template":"","format":"standard","meta":{"spay_email":"","footnotes":""},"categories":[37,8,40,52],"tags":[],"jetpack_featured_media_url":"https:\/\/i2.wp.com\/globalnewsmexico.com\/sitio\/wp-content\/uploads\/2020\/07\/Embajada-M\u00e9xico.jpg?fit=1000%2C600&ssl=1","jetpack_sharing_enabled":true,"jetpack_shortlink":"https:\/\/wp.me\/p9yqPL-df2","jetpack_likes_enabled":true,"_links":{"self":[{"href":"https:\/\/globalnewsmexico.com\/sitio\/wp-json\/wp\/v2\/posts\/50904"}],"collection":[{"href":"https:\/\/globalnewsmexico.com\/sitio\/wp-json\/wp\/v2\/posts"}],"about":[{"href":"https:\/\/globalnewsmexico.com\/sitio\/wp-json\/wp\/v2\/types\/post"}],"author":[{"embeddable":true,"href":"https:\/\/globalnewsmexico.com\/sitio\/wp-json\/wp\/v2\/users\/5"}],"replies":[{"embeddable":true,"href":"https:\/\/globalnewsmexico.com\/sitio\/wp-json\/wp\/v2\/comments?post=50904"}],"version-history":[{"count":0,"href":"https:\/\/globalnewsmexico.com\/sitio\/wp-json\/wp\/v2\/posts\/50904\/revisions"}],"wp:featuredmedia":[{"embeddable":true,"href":"https:\/\/globalnewsmexico.com\/sitio\/wp-json\/wp\/v2\/media\/50905"}],"wp:attachment":[{"href":"https:\/\/globalnewsmexico.com\/sitio\/wp-json\/wp\/v2\/media?parent=50904"}],"wp:term":[{"taxonomy":"category","embeddable":true,"href":"https:\/\/globalnewsmexico.com\/sitio\/wp-json\/wp\/v2\/categories?post=50904"},{"taxonomy":"post_tag","embeddable":true,"href":"https:\/\/globalnewsmexico.com\/sitio\/wp-json\/wp\/v2\/tags?post=50904"}],"curies":[{"name":"wp","href":"https:\/\/api.w.org\/{rel}","templated":true}]}}