{"id":50955,"date":"2020-07-18T14:58:42","date_gmt":"2020-07-18T19:58:42","guid":{"rendered":"http:\/\/globalnewsmexico.com\/sitio\/?p=50955"},"modified":"2020-07-18T14:58:45","modified_gmt":"2020-07-18T19:58:45","slug":"estudiantes-de-ayotzinapa-toman-casetas-en-autopista-del-sol-en-guerrero","status":"publish","type":"post","link":"https:\/\/globalnewsmexico.com\/sitio\/estudiantes-de-ayotzinapa-toman-casetas-en-autopista-del-sol-en-guerrero\/","title":{"rendered":"Estudiantes de Ayotzinapa toman casetas en Autopista del Sol, en Guerrero"},"content":{"rendered":"\n<p>Estudiantes de la Normal Rural de Ayotzinapa tomaron este s\u00e1bado las casetas de cobro de Palo Blanco, en\u00a0Chilpancingo, y Paso Morelos, en Huitzuco, de la Autopista del Sol.<\/p>\n\n\n\n<p>En ambos puntos los j\u00f3venes, que llevan el rostro cubierto, solicitan a los automovilistas una cooperaci\u00f3n de\u00a050 pesos\u00a0para que les permitan el paso.<\/p>\n\n\n\n<p>Uno de los l\u00edderes de la escuela explic\u00f3 que el objetivo de la toma es recaudar fondos que destinar\u00e1n a cubrir varias\u00a0necesidades\u00a0del plantel, principalmente la falta de medicamentos y comida.<\/p>\n\n\n\n<p>Adem\u00e1s, coment\u00f3 que parte de esos recursos tambi\u00e9n se dirigir\u00e1n a apoyar con despensas a los padres y madres de los\u00a043 estudiantes desaparecidos\u00a0en Iguala, en\u00a0septiembre\u00a0de 2014.<\/p>\n\n\n\n<p>De igual forma, coment\u00f3 que con lo recaudado solventar\u00e1n los gastos para trasladarse este mes a\u00a0Ciudad de M\u00e9xico,\u00a0donde protestar\u00e1n en contra de las nuevas investigaciones que ha iniciado el Gobierno federal en torno a la desaparici\u00f3n de sus 43 compa\u00f1eros, pues afirm\u00f3 que \u201ces una cortina de humo\u201d.<\/p>\n\n\n\n<p>La toma de las\u00a0casetas\u00a0se da un d\u00eda despu\u00e9s de que los estudiantes irrumpieron en el Congreso de Guerrero, donde realizaron pintas, lanzaron petardos e incendiaron colchonetas.<\/p>\n\n\n\n<p>Fuente: El Heraldo de M\u00e9xico<\/p>\n","protected":false},"excerpt":{"rendered":"<p>#M\u00e9xico #Estudiantes de la Normal Rural de #Ayotzinapa tomaron este s\u00e1bado las #casetas de cobro de #PaloBlanco, en #Chilpancingo, y #PasoMorelos, en #Huitzuco, de la Autopista del Sol.<\/p>\n","protected":false},"author":5,"featured_media":50956,"comment_status":"closed","ping_status":"open","sticky":false,"template":"","format":"standard","meta":{"spay_email":"","footnotes":""},"categories":[37,8,49,52],"tags":[],"jetpack_featured_media_url":"https:\/\/i1.wp.com\/globalnewsmexico.com\/sitio\/wp-content\/uploads\/2020\/07\/casetas-cerradas-estudiantes-ayotzinapa-1200x674-1.jpg?fit=1040%2C584&ssl=1","jetpack_sharing_enabled":true,"jetpack_shortlink":"https:\/\/wp.me\/p9yqPL-dfR","jetpack_likes_enabled":true,"_links":{"self":[{"href":"https:\/\/globalnewsmexico.com\/sitio\/wp-json\/wp\/v2\/posts\/50955"}],"collection":[{"href":"https:\/\/globalnewsmexico.com\/sitio\/wp-json\/wp\/v2\/posts"}],"about":[{"href":"https:\/\/globalnewsmexico.com\/sitio\/wp-json\/wp\/v2\/types\/post"}],"author":[{"embeddable":true,"href":"https:\/\/globalnewsmexico.com\/sitio\/wp-json\/wp\/v2\/users\/5"}],"replies":[{"embeddable":true,"href":"https:\/\/globalnewsmexico.com\/sitio\/wp-json\/wp\/v2\/comments?post=50955"}],"version-history":[{"count":0,"href":"https:\/\/globalnewsmexico.com\/sitio\/wp-json\/wp\/v2\/posts\/50955\/revisions"}],"wp:featuredmedia":[{"embeddable":true,"href":"https:\/\/globalnewsmexico.com\/sitio\/wp-json\/wp\/v2\/media\/50956"}],"wp:attachment":[{"href":"https:\/\/globalnewsmexico.com\/sitio\/wp-json\/wp\/v2\/media?parent=50955"}],"wp:term":[{"taxonomy":"category","embeddable":true,"href":"https:\/\/globalnewsmexico.com\/sitio\/wp-json\/wp\/v2\/categories?post=50955"},{"taxonomy":"post_tag","embeddable":true,"href":"https:\/\/globalnewsmexico.com\/sitio\/wp-json\/wp\/v2\/tags?post=50955"}],"curies":[{"name":"wp","href":"https:\/\/api.w.org\/{rel}","templated":true}]}}