{"id":51003,"date":"2020-07-20T14:21:21","date_gmt":"2020-07-20T19:21:21","guid":{"rendered":"http:\/\/globalnewsmexico.com\/sitio\/?p=51003"},"modified":"2020-07-20T14:21:25","modified_gmt":"2020-07-20T19:21:25","slug":"por-covid-19-vuelven-a-cerrar-plazas-y-negocios-no-esenciales-en-boca-del-rio","status":"publish","type":"post","link":"https:\/\/globalnewsmexico.com\/sitio\/por-covid-19-vuelven-a-cerrar-plazas-y-negocios-no-esenciales-en-boca-del-rio\/","title":{"rendered":"Por Covid-19, vuelven a cerrar plazas y negocios no esenciales en Boca del R\u00edo"},"content":{"rendered":"\n<p>El alcalde de Boca del R\u00edo, Veracruz, Humberto Alonso Morelli, inform\u00f3 que luego de regresar al sem\u00e1foro rojo por Covid-19, se tomar\u00e1n algunas medidas al respecto, como el cierre de plazas comerciales.\u00a0<\/p>\n\n\n\n<p>En entrevista para xeu Noticias, destac\u00f3 que la industria de la construcci\u00f3n, la industria alimentaria, mercados y supermercados permanecer\u00e1n abiertos, por ser actividades esenciales.<\/p>\n\n\n\n<p>En tanto que restaurantes y hoteles bajar\u00e1n su aforo, \u00ablas medidas de seguridad y prevenci\u00f3n para el\u00a0coronavirus\u00a0las han tomado de una manera responsable\u00bb. Todos los negocios no esenciales estar\u00e1n cerrados.\u00a0<\/p>\n\n\n\n<p>Contin\u00faan los cierres viales en el municipio, el cierre del bulevar Vicente Fox en ambos sentidos y&nbsp;el bulevar \u00c1vila Camacho, a la altura del Distrito Boca.<\/p>\n\n\n\n<p>En cuanto a las playas, se limitar\u00e1\u00a0la actividad comercial y\u00a0se exhortar\u00e1 a las personas a que no permanezcan en ellas.<\/p>\n\n\n\n<p>Fuente: Xeu Noticias<\/p>\n","protected":false},"excerpt":{"rendered":"<p>El alcalde de Boca del R\u00edo, Veracruz, Humberto Alonso Morelli, inform\u00f3 que luego de regresar al sem\u00e1foro rojo por Covid-19, se tomar\u00e1n algunas medidas al respecto, como el cierre de plazas comerciales.\u00a0 En entrevista para xeu Noticias, destac\u00f3 que la industria de la construcci\u00f3n, la industria alimentaria, mercados y supermercados permanecer\u00e1n abiertos, por ser actividades<a class=\"read-more\" href=\"https:\/\/globalnewsmexico.com\/sitio\/por-covid-19-vuelven-a-cerrar-plazas-y-negocios-no-esenciales-en-boca-del-rio\/\">Leer m\u00e1s<\/a><\/p>\n","protected":false},"author":5,"featured_media":51004,"comment_status":"closed","ping_status":"open","sticky":false,"template":"","format":"standard","meta":{"spay_email":"","footnotes":""},"categories":[37,8,50,52],"tags":[],"jetpack_featured_media_url":"https:\/\/i1.wp.com\/globalnewsmexico.com\/sitio\/wp-content\/uploads\/2020\/07\/1112214.jpg?fit=1024%2C683&ssl=1","jetpack_sharing_enabled":true,"jetpack_shortlink":"https:\/\/wp.me\/p9yqPL-dgD","jetpack_likes_enabled":true,"_links":{"self":[{"href":"https:\/\/globalnewsmexico.com\/sitio\/wp-json\/wp\/v2\/posts\/51003"}],"collection":[{"href":"https:\/\/globalnewsmexico.com\/sitio\/wp-json\/wp\/v2\/posts"}],"about":[{"href":"https:\/\/globalnewsmexico.com\/sitio\/wp-json\/wp\/v2\/types\/post"}],"author":[{"embeddable":true,"href":"https:\/\/globalnewsmexico.com\/sitio\/wp-json\/wp\/v2\/users\/5"}],"replies":[{"embeddable":true,"href":"https:\/\/globalnewsmexico.com\/sitio\/wp-json\/wp\/v2\/comments?post=51003"}],"version-history":[{"count":0,"href":"https:\/\/globalnewsmexico.com\/sitio\/wp-json\/wp\/v2\/posts\/51003\/revisions"}],"wp:featuredmedia":[{"embeddable":true,"href":"https:\/\/globalnewsmexico.com\/sitio\/wp-json\/wp\/v2\/media\/51004"}],"wp:attachment":[{"href":"https:\/\/globalnewsmexico.com\/sitio\/wp-json\/wp\/v2\/media?parent=51003"}],"wp:term":[{"taxonomy":"category","embeddable":true,"href":"https:\/\/globalnewsmexico.com\/sitio\/wp-json\/wp\/v2\/categories?post=51003"},{"taxonomy":"post_tag","embeddable":true,"href":"https:\/\/globalnewsmexico.com\/sitio\/wp-json\/wp\/v2\/tags?post=51003"}],"curies":[{"name":"wp","href":"https:\/\/api.w.org\/{rel}","templated":true}]}}