{"id":51009,"date":"2020-07-20T15:45:28","date_gmt":"2020-07-20T20:45:28","guid":{"rendered":"http:\/\/globalnewsmexico.com\/sitio\/?p=51009"},"modified":"2020-07-20T15:45:32","modified_gmt":"2020-07-20T20:45:32","slug":"poblacion-indigena-en-riesgo-por-coronavirus-alerta-oms","status":"publish","type":"post","link":"https:\/\/globalnewsmexico.com\/sitio\/poblacion-indigena-en-riesgo-por-coronavirus-alerta-oms\/","title":{"rendered":"Poblaci\u00f3n ind\u00edgena, en riesgo por coronavirus, alerta OMS"},"content":{"rendered":"\n<p>Las comunidades ind\u00edgenas, que comprenden medio mill\u00f3n de personas\u00a0en todo el mundo, son especialmente vulnerables\u00a0a la pandemia del coronavirus debido a malas condiciones de vida, advirti\u00f3 la Organizaci\u00f3n Mundial de la Salud (OMS).<\/p>\n\n\n\n<p>El director general, Tedros Adhanom Ghebreyesus, dijo que al 6 de julio se hab\u00edan reportado m\u00e1s de 170 mil casos entre los pueblos ind\u00edgenas\u00a0en Am\u00e9rica, con m\u00e1s de 2 mil muertes.<\/p>\n\n\n\n<p>Inst\u00f3 a las\u00a0naciones a tomar todas las precauciones de salud necesarias, con especial \u00e9nfasis en el rastreo de contactos, para tratar de frenar la propagaci\u00f3n de la enfermedad Covid-19.<\/p>\n\n\n\n<p>\u201cNo tenemos que esperar una vacuna. Tenemos que salvar vidas ahora\u201d, dijo en una conferencia virtual desde la sede de la agencia de la ONU en Ginebra.<\/p>\n\n\n\n<p>Las infecciones mundiales ascienden a m\u00e1s de 14.5 millones, seg\u00fan un recuento de Reuters, con m\u00e1s de 600 mil muertes.<\/p>\n\n\n\n<p>Fuente: Agencias<\/p>\n","protected":false},"excerpt":{"rendered":"<p>Las comunidades ind\u00edgenas, que comprenden medio mill\u00f3n de personas\u00a0en todo el mundo, son especialmente vulnerables\u00a0a la pandemia del coronavirus debido a malas condiciones de vida, advirti\u00f3 la Organizaci\u00f3n Mundial de la Salud (OMS). El director general, Tedros Adhanom Ghebreyesus, dijo que al 6 de julio se hab\u00edan reportado m\u00e1s de 170 mil casos entre los<a class=\"read-more\" href=\"https:\/\/globalnewsmexico.com\/sitio\/poblacion-indigena-en-riesgo-por-coronavirus-alerta-oms\/\">Leer m\u00e1s<\/a><\/p>\n","protected":false},"author":5,"featured_media":51010,"comment_status":"closed","ping_status":"open","sticky":false,"template":"","format":"standard","meta":{"spay_email":"","footnotes":""},"categories":[37,8,48,52],"tags":[],"jetpack_featured_media_url":"https:\/\/i2.wp.com\/globalnewsmexico.com\/sitio\/wp-content\/uploads\/2020\/07\/america-reportado-mil-casos-covid_56_100_909_566.jpg?fit=958%2C596&ssl=1","jetpack_sharing_enabled":true,"jetpack_shortlink":"https:\/\/wp.me\/p9yqPL-dgJ","jetpack_likes_enabled":true,"_links":{"self":[{"href":"https:\/\/globalnewsmexico.com\/sitio\/wp-json\/wp\/v2\/posts\/51009"}],"collection":[{"href":"https:\/\/globalnewsmexico.com\/sitio\/wp-json\/wp\/v2\/posts"}],"about":[{"href":"https:\/\/globalnewsmexico.com\/sitio\/wp-json\/wp\/v2\/types\/post"}],"author":[{"embeddable":true,"href":"https:\/\/globalnewsmexico.com\/sitio\/wp-json\/wp\/v2\/users\/5"}],"replies":[{"embeddable":true,"href":"https:\/\/globalnewsmexico.com\/sitio\/wp-json\/wp\/v2\/comments?post=51009"}],"version-history":[{"count":0,"href":"https:\/\/globalnewsmexico.com\/sitio\/wp-json\/wp\/v2\/posts\/51009\/revisions"}],"wp:featuredmedia":[{"embeddable":true,"href":"https:\/\/globalnewsmexico.com\/sitio\/wp-json\/wp\/v2\/media\/51010"}],"wp:attachment":[{"href":"https:\/\/globalnewsmexico.com\/sitio\/wp-json\/wp\/v2\/media?parent=51009"}],"wp:term":[{"taxonomy":"category","embeddable":true,"href":"https:\/\/globalnewsmexico.com\/sitio\/wp-json\/wp\/v2\/categories?post=51009"},{"taxonomy":"post_tag","embeddable":true,"href":"https:\/\/globalnewsmexico.com\/sitio\/wp-json\/wp\/v2\/tags?post=51009"}],"curies":[{"name":"wp","href":"https:\/\/api.w.org\/{rel}","templated":true}]}}