{"id":51164,"date":"2020-07-23T13:29:23","date_gmt":"2020-07-23T18:29:23","guid":{"rendered":"http:\/\/globalnewsmexico.com\/sitio\/?p=51164"},"modified":"2020-07-23T13:29:28","modified_gmt":"2020-07-23T18:29:28","slug":"minnesota-aprueba-ley-de-responsabilidad-policial-tras-caso-george-floyd","status":"publish","type":"post","link":"https:\/\/globalnewsmexico.com\/sitio\/minnesota-aprueba-ley-de-responsabilidad-policial-tras-caso-george-floyd\/","title":{"rendered":"Minnesota aprueba ley de responsabilidad policial, tras caso George Floyd"},"content":{"rendered":"\n<p>Luego de la\u00a0muerte de George Floyd por estrangulamiento, a finales de mayo, el gobernador de Minnesota, Estados Unidos, Tim Walz, promulgar\u00e1 una ley en la que incluye la prohibici\u00f3n de aplicar fuerza al cuello de un detenido por parte de la Polic\u00eda.\u00a0<\/p>\n\n\n\n<p>La ley, aprobada por la legislatura d\u00edas atr\u00e1s, tambi\u00e9n proh\u00edbe las llaves de estrangulamiento y el\u00a0llamado entrenamiento guerrero, que seg\u00fan sus detractores promueve el empleo excesivo de la fuerza. Esto obliga a los agentes a intervenir cuando ven a un colega aplicar fuerza excesiva.<\/p>\n\n\n\n<p>La nueva ley\u00a0modifica las normas sobre el empleo de la fuerza\u00a0para destacar que la vida es sagrada y las reglas de arbitraje que afectan los sindicatos policiales.<\/p>\n\n\n\n<p>Adem\u00e1s, se capacitar\u00e1 a los agentes para tratar con personas que sufren trastornos mentales o autismo.\u00a0Tambi\u00e9n se crear\u00e1 un consejo asesor de la junta estatal\u00a0que otorga las licencias a los agentes policiales.<\/p>\n\n\n\n<p>El proyecto se aprob\u00f3 luego de casi dos meses de arduas negociaciones desde la muerte de Floyd, el 25 de mayo, y las manifestaciones mundiales contra la brutalidad policial y el racismo.<\/p>\n\n\n\n<p>Floyd, un hombre afroamericano, fue arrojado de cara al suelo aunque estaba esposado y tres agentes lo retuvieron en esa posici\u00f3n. Uno de ellos, un hombre blanco, le apret\u00f3 el cuello con la rodilla durante casi ocho minutos.<\/p>\n\n\n\n<p>Fuente: Agencias<\/p>\n","protected":false},"excerpt":{"rendered":"<p>Luego de la\u00a0muerte de George Floyd por estrangulamiento, a finales de mayo, el gobernador de Minnesota, Estados Unidos, Tim Walz, promulgar\u00e1 una ley en la que incluye la prohibici\u00f3n de aplicar fuerza al cuello de un detenido por parte de la Polic\u00eda.\u00a0 La ley, aprobada por la legislatura d\u00edas atr\u00e1s, tambi\u00e9n proh\u00edbe las llaves de<a class=\"read-more\" href=\"https:\/\/globalnewsmexico.com\/sitio\/minnesota-aprueba-ley-de-responsabilidad-policial-tras-caso-george-floyd\/\">Leer m\u00e1s<\/a><\/p>\n","protected":false},"author":5,"featured_media":51165,"comment_status":"closed","ping_status":"open","sticky":false,"template":"","format":"standard","meta":{"spay_email":"","footnotes":""},"categories":[37,8,48,52],"tags":[],"jetpack_featured_media_url":"https:\/\/i1.wp.com\/globalnewsmexico.com\/sitio\/wp-content\/uploads\/2020\/07\/gobernador-minnesota-tim-walz-busca.jpg?fit=958%2C596&ssl=1","jetpack_sharing_enabled":true,"jetpack_shortlink":"https:\/\/wp.me\/p9yqPL-dje","jetpack_likes_enabled":true,"_links":{"self":[{"href":"https:\/\/globalnewsmexico.com\/sitio\/wp-json\/wp\/v2\/posts\/51164"}],"collection":[{"href":"https:\/\/globalnewsmexico.com\/sitio\/wp-json\/wp\/v2\/posts"}],"about":[{"href":"https:\/\/globalnewsmexico.com\/sitio\/wp-json\/wp\/v2\/types\/post"}],"author":[{"embeddable":true,"href":"https:\/\/globalnewsmexico.com\/sitio\/wp-json\/wp\/v2\/users\/5"}],"replies":[{"embeddable":true,"href":"https:\/\/globalnewsmexico.com\/sitio\/wp-json\/wp\/v2\/comments?post=51164"}],"version-history":[{"count":0,"href":"https:\/\/globalnewsmexico.com\/sitio\/wp-json\/wp\/v2\/posts\/51164\/revisions"}],"wp:featuredmedia":[{"embeddable":true,"href":"https:\/\/globalnewsmexico.com\/sitio\/wp-json\/wp\/v2\/media\/51165"}],"wp:attachment":[{"href":"https:\/\/globalnewsmexico.com\/sitio\/wp-json\/wp\/v2\/media?parent=51164"}],"wp:term":[{"taxonomy":"category","embeddable":true,"href":"https:\/\/globalnewsmexico.com\/sitio\/wp-json\/wp\/v2\/categories?post=51164"},{"taxonomy":"post_tag","embeddable":true,"href":"https:\/\/globalnewsmexico.com\/sitio\/wp-json\/wp\/v2\/tags?post=51164"}],"curies":[{"name":"wp","href":"https:\/\/api.w.org\/{rel}","templated":true}]}}