{"id":51210,"date":"2020-07-24T12:28:46","date_gmt":"2020-07-24T17:28:46","guid":{"rendered":"http:\/\/globalnewsmexico.com\/sitio\/?p=51210"},"modified":"2020-07-24T12:28:51","modified_gmt":"2020-07-24T17:28:51","slug":"latinoamerica-perdera-25-millones-de-empleos-en-2020-por-covid-19-banco-mundial","status":"publish","type":"post","link":"https:\/\/globalnewsmexico.com\/sitio\/latinoamerica-perdera-25-millones-de-empleos-en-2020-por-covid-19-banco-mundial\/","title":{"rendered":"Latinoam\u00e9rica perder\u00e1 25 millones de empleos en 2020 por Covid-19: Banco Mundial"},"content":{"rendered":"\n<p>Latinoam\u00e9rica perder\u00e1 25 millones de empleos en 2020 por la pandemia del Covid-19, advirti\u00f3 el vicepresidente del Banco Mundial para la regi\u00f3n, Carlos Felipe Jaramillo.<\/p>\n\n\n\n<p>Inform\u00f3 que la cifra puede ser peor, dependiendo de c\u00f3mo evolucione la situaci\u00f3n de los pr\u00f3ximos cinco o seis meses la pandemia.<\/p>\n\n\n\n<p>Subray\u00f3 que ninguna otra crisis hab\u00eda generado una ca\u00edda en la producci\u00f3n y unos datos tan preocupantes de desempleo como esta cifra.<\/p>\n\n\n\n<p>Fuente: Agencias<\/p>\n","protected":false},"excerpt":{"rendered":"<p>Latinoam\u00e9rica perder\u00e1 25 millones de empleos en 2020 por la pandemia del Covid-19, advirti\u00f3 el vicepresidente del Banco Mundial para la regi\u00f3n, Carlos Felipe Jaramillo. Inform\u00f3 que la cifra puede ser peor, dependiendo de c\u00f3mo evolucione la situaci\u00f3n de los pr\u00f3ximos cinco o seis meses la pandemia. Subray\u00f3 que ninguna otra crisis hab\u00eda generado una<a class=\"read-more\" href=\"https:\/\/globalnewsmexico.com\/sitio\/latinoamerica-perdera-25-millones-de-empleos-en-2020-por-covid-19-banco-mundial\/\">Leer m\u00e1s<\/a><\/p>\n","protected":false},"author":5,"featured_media":51211,"comment_status":"closed","ping_status":"open","sticky":false,"template":"","format":"standard","meta":{"spay_email":"","footnotes":""},"categories":[37,8,48,52],"tags":[],"jetpack_featured_media_url":"https:\/\/i2.wp.com\/globalnewsmexico.com\/sitio\/wp-content\/uploads\/2020\/07\/1112895.jpg?fit=1024%2C653&ssl=1","jetpack_sharing_enabled":true,"jetpack_shortlink":"https:\/\/wp.me\/p9yqPL-djY","jetpack_likes_enabled":true,"_links":{"self":[{"href":"https:\/\/globalnewsmexico.com\/sitio\/wp-json\/wp\/v2\/posts\/51210"}],"collection":[{"href":"https:\/\/globalnewsmexico.com\/sitio\/wp-json\/wp\/v2\/posts"}],"about":[{"href":"https:\/\/globalnewsmexico.com\/sitio\/wp-json\/wp\/v2\/types\/post"}],"author":[{"embeddable":true,"href":"https:\/\/globalnewsmexico.com\/sitio\/wp-json\/wp\/v2\/users\/5"}],"replies":[{"embeddable":true,"href":"https:\/\/globalnewsmexico.com\/sitio\/wp-json\/wp\/v2\/comments?post=51210"}],"version-history":[{"count":0,"href":"https:\/\/globalnewsmexico.com\/sitio\/wp-json\/wp\/v2\/posts\/51210\/revisions"}],"wp:featuredmedia":[{"embeddable":true,"href":"https:\/\/globalnewsmexico.com\/sitio\/wp-json\/wp\/v2\/media\/51211"}],"wp:attachment":[{"href":"https:\/\/globalnewsmexico.com\/sitio\/wp-json\/wp\/v2\/media?parent=51210"}],"wp:term":[{"taxonomy":"category","embeddable":true,"href":"https:\/\/globalnewsmexico.com\/sitio\/wp-json\/wp\/v2\/categories?post=51210"},{"taxonomy":"post_tag","embeddable":true,"href":"https:\/\/globalnewsmexico.com\/sitio\/wp-json\/wp\/v2\/tags?post=51210"}],"curies":[{"name":"wp","href":"https:\/\/api.w.org\/{rel}","templated":true}]}}