{"id":51217,"date":"2020-07-24T13:01:56","date_gmt":"2020-07-24T18:01:56","guid":{"rendered":"http:\/\/globalnewsmexico.com\/sitio\/?p=51217"},"modified":"2020-07-24T13:02:00","modified_gmt":"2020-07-24T18:02:00","slug":"todos-los-involucrados-en-caso-lozoya-deben-comparecer-dice-lopez-obrador","status":"publish","type":"post","link":"https:\/\/globalnewsmexico.com\/sitio\/todos-los-involucrados-en-caso-lozoya-deben-comparecer-dice-lopez-obrador\/","title":{"rendered":"Todos los involucrados en caso Lozoya deben comparecer, dice L\u00f3pez Obrador"},"content":{"rendered":"\n<p>El presidente Andr\u00e9s Manuel L\u00f3pez Obrador consider\u00f3 que\u00a0todos los involucrados con Emilio Lozoya\u00a0en supuestos actos de corrupci\u00f3n, tienen que comparecer ante la autoridad,\u00a0si as\u00ed lo determina la Fiscal\u00eda General de la Rep\u00fablica (FGR).<\/p>\n\n\n\n<p>Dej\u00f3 claro que la informaci\u00f3n que revelar\u00e1 el exdirector de Pemex,\u00a0relacionada con Odebrecht y la reforma energ\u00e9tica, involucra a funcionarios de los sexenios de\u00a0Felipe Calder\u00f3n\u00a0y\u00a0Enrique Pe\u00f1a Nieto,\u00a0a quienes reiter\u00f3 que no se les juzgar\u00e1 a menos que el pueblo lo pida.<\/p>\n\n\n\n<p>\u201cTodos los involucrados, si as\u00ed lo decide la Fiscal\u00eda, tienen que comparecer. Aqu\u00ed son cuando menos dos sexenios,\u00a0no solo es el caso de la reforma energ\u00e9tica, es lo de Odebrecht, y eso vienen del sexenio de\u00a0Felipe Calder\u00f3n, son procesos que se complementan\u201d, puntualiz\u00f3.<\/p>\n\n\n\n<p>En\u00a0La Ma\u00f1anera\u00a0desde Oaxaca, L\u00f3pez Obrador asegur\u00f3 que su gobierno no fabricar\u00e1 delitos, pero tampoco permitir\u00e1 que haya impunidad.<\/p>\n\n\n\n<p>\u201cNo es mi fuerte la venganza,\u00a0no podemos actuar con impunidad,\u00a0es decir, no ser tapadera y yo lo que sostengo y me importa mucho esto m\u00e1s que por la cuesti\u00f3n jur\u00eddica, legal o las acusaciones penales, lo que me importa m\u00e1s es que se\u00a0limpie al pa\u00eds de corrupci\u00f3n\u201d, destac\u00f3.<\/p>\n\n\n\n<p>El presidente mencion\u00f3 que\u00a0este asunto amerita que las investigaciones se realicen a fondo\u00a0para que, sin violar el debido proceso,\u00a0se informe al pueblo la verdad\u00a0sobre los posibles hechos de corrupci\u00f3n \u201ccon esas transas, \u00bfcu\u00e1ndo iba a salir adelante el pa\u00eds?\u201d<\/p>\n\n\n\n<p>Adem\u00e1s, asegur\u00f3 que el caso de\u00a0Lozoya\u00a0tiene tantas implicaciones que\u00a0una serie de Netflix \u201cser\u00eda un cuento de hadas, fresa, en comparaci\u00f3n de esto\u201d.<\/p>\n\n\n\n<p>Fuente: Milenio<\/p>\n","protected":false},"excerpt":{"rendered":"<p>El presidente Andr\u00e9s Manuel L\u00f3pez Obrador consider\u00f3 que\u00a0todos los involucrados con Emilio Lozoya\u00a0en supuestos actos de corrupci\u00f3n, tienen que comparecer ante la autoridad,\u00a0si as\u00ed lo determina la Fiscal\u00eda General de la Rep\u00fablica (FGR). Dej\u00f3 claro que la informaci\u00f3n que revelar\u00e1 el exdirector de Pemex,\u00a0relacionada con Odebrecht y la reforma energ\u00e9tica, involucra a funcionarios de los<a class=\"read-more\" href=\"https:\/\/globalnewsmexico.com\/sitio\/todos-los-involucrados-en-caso-lozoya-deben-comparecer-dice-lopez-obrador\/\">Leer m\u00e1s<\/a><\/p>\n","protected":false},"author":5,"featured_media":51218,"comment_status":"closed","ping_status":"open","sticky":false,"template":"","format":"standard","meta":{"spay_email":"","footnotes":""},"categories":[37,8,40,52],"tags":[],"jetpack_featured_media_url":"https:\/\/i2.wp.com\/globalnewsmexico.com\/sitio\/wp-content\/uploads\/2020\/07\/lo-que-me-importa-mas_0_53_1199_747.jpeg?fit=958%2C596&ssl=1","jetpack_sharing_enabled":true,"jetpack_shortlink":"https:\/\/wp.me\/p9yqPL-dk5","jetpack_likes_enabled":true,"_links":{"self":[{"href":"https:\/\/globalnewsmexico.com\/sitio\/wp-json\/wp\/v2\/posts\/51217"}],"collection":[{"href":"https:\/\/globalnewsmexico.com\/sitio\/wp-json\/wp\/v2\/posts"}],"about":[{"href":"https:\/\/globalnewsmexico.com\/sitio\/wp-json\/wp\/v2\/types\/post"}],"author":[{"embeddable":true,"href":"https:\/\/globalnewsmexico.com\/sitio\/wp-json\/wp\/v2\/users\/5"}],"replies":[{"embeddable":true,"href":"https:\/\/globalnewsmexico.com\/sitio\/wp-json\/wp\/v2\/comments?post=51217"}],"version-history":[{"count":0,"href":"https:\/\/globalnewsmexico.com\/sitio\/wp-json\/wp\/v2\/posts\/51217\/revisions"}],"wp:featuredmedia":[{"embeddable":true,"href":"https:\/\/globalnewsmexico.com\/sitio\/wp-json\/wp\/v2\/media\/51218"}],"wp:attachment":[{"href":"https:\/\/globalnewsmexico.com\/sitio\/wp-json\/wp\/v2\/media?parent=51217"}],"wp:term":[{"taxonomy":"category","embeddable":true,"href":"https:\/\/globalnewsmexico.com\/sitio\/wp-json\/wp\/v2\/categories?post=51217"},{"taxonomy":"post_tag","embeddable":true,"href":"https:\/\/globalnewsmexico.com\/sitio\/wp-json\/wp\/v2\/tags?post=51217"}],"curies":[{"name":"wp","href":"https:\/\/api.w.org\/{rel}","templated":true}]}}