{"id":51247,"date":"2020-07-24T19:38:16","date_gmt":"2020-07-25T00:38:16","guid":{"rendered":"http:\/\/globalnewsmexico.com\/sitio\/?p=51247"},"modified":"2020-07-24T19:38:22","modified_gmt":"2020-07-25T00:38:22","slug":"dictan-prision-preventiva-de-dos-anos-a-exdiputado-erik-aguilar","status":"publish","type":"post","link":"https:\/\/globalnewsmexico.com\/sitio\/dictan-prision-preventiva-de-dos-anos-a-exdiputado-erik-aguilar\/","title":{"rendered":"Dictan prisi\u00f3n preventiva de dos a\u00f1os a exdiputado Erik Aguilar"},"content":{"rendered":"\n<p>La tarde de este viernes se llev\u00f3 a cabo una\u00a0audiencia inicial,\u00a0en Pacho Viejo, Veracruz, al exdiputado Erik Iv\u00e1n Aguilar, quien es acusado de\u00a0los delitos de ejercicio indebido del servicio p\u00fablico y resistencia de particulares.<\/p>\n\n\n\n<p>La Fiscal\u00eda Especializada en Combate a la Corrupci\u00f3n vincul\u00f3 a proceso y logr\u00f3 obtener la medida cautelar consistente en dos a\u00f1os de prisi\u00f3n preventiva necesaria, para Aguilar.<\/p>\n\n\n\n<p>Cabe mencionar que Erik Iv\u00e1n\u00a0Aguilar es se\u00f1alado luego de que el pasado 29 de diciembre de 2019, habr\u00eda impedido\u00a0que personal de la Fiscal\u00eda General del Estado, realizaran actos de criminal\u00edstica de campo, levantamiento de cad\u00e1ver y necropsia de ley.<\/p>\n\n\n\n<p>Adem\u00e1s de incitar a un grupo de personas para llevarse el cad\u00e1ver de una persona que perdi\u00f3 la vida por hechos que la ley considera como delito.<\/p>\n\n\n\n<p>Fuente: Xeu Noticias<\/p>\n","protected":false},"excerpt":{"rendered":"<p>La tarde de este viernes se llev\u00f3 a cabo una\u00a0audiencia inicial,\u00a0en Pacho Viejo, Veracruz, al exdiputado Erik Iv\u00e1n Aguilar, quien es acusado de\u00a0los delitos de ejercicio indebido del servicio p\u00fablico y resistencia de particulares. La Fiscal\u00eda Especializada en Combate a la Corrupci\u00f3n vincul\u00f3 a proceso y logr\u00f3 obtener la medida cautelar consistente en dos a\u00f1os<a class=\"read-more\" href=\"https:\/\/globalnewsmexico.com\/sitio\/dictan-prision-preventiva-de-dos-anos-a-exdiputado-erik-aguilar\/\">Leer m\u00e1s<\/a><\/p>\n","protected":false},"author":5,"featured_media":51248,"comment_status":"closed","ping_status":"open","sticky":false,"template":"","format":"standard","meta":{"spay_email":"","footnotes":""},"categories":[37,8,50,52],"tags":[],"jetpack_featured_media_url":"https:\/\/i1.wp.com\/globalnewsmexico.com\/sitio\/wp-content\/uploads\/2020\/07\/1112976.jpg?fit=1024%2C683&ssl=1","jetpack_sharing_enabled":true,"jetpack_shortlink":"https:\/\/wp.me\/p9yqPL-dkz","jetpack_likes_enabled":true,"_links":{"self":[{"href":"https:\/\/globalnewsmexico.com\/sitio\/wp-json\/wp\/v2\/posts\/51247"}],"collection":[{"href":"https:\/\/globalnewsmexico.com\/sitio\/wp-json\/wp\/v2\/posts"}],"about":[{"href":"https:\/\/globalnewsmexico.com\/sitio\/wp-json\/wp\/v2\/types\/post"}],"author":[{"embeddable":true,"href":"https:\/\/globalnewsmexico.com\/sitio\/wp-json\/wp\/v2\/users\/5"}],"replies":[{"embeddable":true,"href":"https:\/\/globalnewsmexico.com\/sitio\/wp-json\/wp\/v2\/comments?post=51247"}],"version-history":[{"count":0,"href":"https:\/\/globalnewsmexico.com\/sitio\/wp-json\/wp\/v2\/posts\/51247\/revisions"}],"wp:featuredmedia":[{"embeddable":true,"href":"https:\/\/globalnewsmexico.com\/sitio\/wp-json\/wp\/v2\/media\/51248"}],"wp:attachment":[{"href":"https:\/\/globalnewsmexico.com\/sitio\/wp-json\/wp\/v2\/media?parent=51247"}],"wp:term":[{"taxonomy":"category","embeddable":true,"href":"https:\/\/globalnewsmexico.com\/sitio\/wp-json\/wp\/v2\/categories?post=51247"},{"taxonomy":"post_tag","embeddable":true,"href":"https:\/\/globalnewsmexico.com\/sitio\/wp-json\/wp\/v2\/tags?post=51247"}],"curies":[{"name":"wp","href":"https:\/\/api.w.org\/{rel}","templated":true}]}}