{"id":51294,"date":"2020-07-25T15:53:05","date_gmt":"2020-07-25T20:53:05","guid":{"rendered":"http:\/\/globalnewsmexico.com\/sitio\/?p=51294"},"modified":"2020-07-25T15:53:08","modified_gmt":"2020-07-25T20:53:08","slug":"caso-vallarta-no-hay-denuncias-de-jovenes-desaparecidos-dice-fiscalia","status":"publish","type":"post","link":"https:\/\/globalnewsmexico.com\/sitio\/caso-vallarta-no-hay-denuncias-de-jovenes-desaparecidos-dice-fiscalia\/","title":{"rendered":"Caso Vallarta: No hay denuncias de j\u00f3venes desaparecidos, dice Fiscal\u00eda"},"content":{"rendered":"\n<p>Luego de que se diera a conocer que alrededor de 20 j\u00f3venes de Guanajuato que realizaban un viaje de aventura en veh\u00edculos todo terreno a Puerto Vallarta, el pasado s\u00e1bado, fueron presuntamente plagiados por hombres armados, el fiscal de Jalisco, Gerardo Octavio Sol\u00eds inform\u00f3 que no hay denuncias de desaparici\u00f3n ni en Jalisco ni en Guanajuato.<\/p>\n\n\n\n<p>\u201cRespecto a la desaparici\u00f3n de algunos de esos miembros de este grupo, acompa\u00f1antes de este grupo, quiero decirles que desde el d\u00eda de los hechos hemos trabajado en la investigaci\u00f3n de este homicidio y en la b\u00fasqueda de personas desaparecidas por la posibilidad de que exista,\u00a0 pero tambi\u00e9n es importante mencionar que en Jalisco no tenemos hasta este momento ninguna denuncia de ninguna persona desaparecida y que tambi\u00e9n desde el d\u00eda en que sucedieron los hechos, hemos estado trabajando de manera muy coordinada con la Fiscal\u00eda de Guanajuato, todav\u00eda el d\u00eda de hoy por la ma\u00f1ana en una charla con el fiscal respecto de este tema y los avances que pudi\u00e9ramos tener, me confinaba el fiscal de Guanajuato que en aquella localidad tampoco tienen denuncia de desaparici\u00f3n; sin embargo, no es un dato que estamos dejando de lado, es parte de las investigaciones en conjunto con el homicidio y el robo y desde luego vamos a continuar bajo esta l\u00ednea, pero precisando que no hay denuncia por desaparici\u00f3n de personas\u201d.<\/p>\n\n\n\n<p>Indic\u00f3 que el pasado 18 de julio arribaron alrededor de entre 13 y 14 personas en veh\u00edculos tipo pick up con remolques y veh\u00edculos RZR a Puerto Vallarta, cuando por el Fraccionamiento Fluvial Vallarta fueron interceptados por una serie de personas en veh\u00edculos que les cerraron el paso y realizaron una serie de disparos, en el lugar una persona result\u00f3 herida y posteriormente falleci\u00f3 en el hospital.<\/p>\n\n\n\n<p>\u201cDe manera imprevista son abordados, se les cierra el paso por una serie de veh\u00edculos y entonces sobreviene el caos, empiezan a tratar de huir, empieza una serie de disparos, una persona queda herida en el lugar, otras personas logran huir algunos por tierra otros en el veh\u00edculo y posteriormente llegan diversas autoridades la polic\u00eda municipal y el ministerio p\u00fablico. La persona herida fallece lamentablemente en el hospital, fueron asegurados diversos veh\u00edculos\u201d.<\/p>\n\n\n\n<p>Destac\u00f3 que el temor causado al resto del grupo por los hechos ha propiciado que no tengan un acercamiento hacia las autoridades para colaborar en la identificaci\u00f3n de veh\u00edculos o de probables responsables de estos hechos.<\/p>\n\n\n\n<p>\u201cEsperamos que en las pr\u00f3ximas horas o d\u00edas pueda existir el convencimiento de las personas que acompa\u00f1aban, que se hac\u00edan acompa\u00f1ar en este grupo con la finalidad de que nos puedan aportar algunos datos extra que nos ayuden a la identificaci\u00f3n de quienes causaron ese lamentable hecho\u201d.<\/p>\n\n\n\n<p>A\u00f1adi\u00f3 que no solo se est\u00e1 investigando el homicidio y el robo como tal ya que todo parece indicar que se trata de una c\u00e9lula criminal de alta peligrosidad.<\/p>\n\n\n\n<p>\u201cEntendemos que se trata de una c\u00e9lula criminal de alta peligrosidad, entonces estamos tambi\u00e9n cruzando algunos otros datos relacionados con otro tipo de il\u00edcitos\u201d.<\/p>\n\n\n\n<p>Hasta el momento por la informaci\u00f3n que se tiene nadie de las personas afectadas podr\u00eda estar relacionada con alg\u00fan tipo de il\u00edcito.<\/p>\n\n\n\n<p>Indic\u00f3 que la persona que falleci\u00f3 ya fue identificada por sus familiares y precis\u00f3 que adem\u00e1s en el lugar de los hechos desaparecieron algunos de los veh\u00edculos todo terreno.<\/p>\n\n\n\n<p>Los j\u00f3venes salieron de Carretera Le\u00f3n -Lagos, en 4 veh\u00edculos RZR, dos pick up con remolques y posteriormente se les sum\u00f3 otro par de veh\u00edculos para llegar a Puerto Vallarta.<\/p>\n\n\n\n<p>Fuente: Exc\u00e9lsior<\/p>\n","protected":false},"excerpt":{"rendered":"<p>Luego de que se diera a conocer que alrededor de 20 j\u00f3venes de Guanajuato que realizaban un viaje de aventura en veh\u00edculos todo terreno a Puerto Vallarta, el pasado s\u00e1bado, fueron presuntamente plagiados por hombres armados, el fiscal de Jalisco, Gerardo Octavio Sol\u00eds inform\u00f3 que no hay denuncias de desaparici\u00f3n ni en Jalisco ni en<a class=\"read-more\" href=\"https:\/\/globalnewsmexico.com\/sitio\/caso-vallarta-no-hay-denuncias-de-jovenes-desaparecidos-dice-fiscalia\/\">Leer m\u00e1s<\/a><\/p>\n","protected":false},"author":5,"featured_media":51295,"comment_status":"closed","ping_status":"open","sticky":false,"template":"","format":"standard","meta":{"spay_email":"","footnotes":""},"categories":[37,8,49,52],"tags":[],"jetpack_featured_media_url":"https:\/\/i0.wp.com\/globalnewsmexico.com\/sitio\/wp-content\/uploads\/2020\/07\/2407010.jpg?fit=1040%2C780&ssl=1","jetpack_sharing_enabled":true,"jetpack_shortlink":"https:\/\/wp.me\/p9yqPL-dlk","jetpack_likes_enabled":true,"_links":{"self":[{"href":"https:\/\/globalnewsmexico.com\/sitio\/wp-json\/wp\/v2\/posts\/51294"}],"collection":[{"href":"https:\/\/globalnewsmexico.com\/sitio\/wp-json\/wp\/v2\/posts"}],"about":[{"href":"https:\/\/globalnewsmexico.com\/sitio\/wp-json\/wp\/v2\/types\/post"}],"author":[{"embeddable":true,"href":"https:\/\/globalnewsmexico.com\/sitio\/wp-json\/wp\/v2\/users\/5"}],"replies":[{"embeddable":true,"href":"https:\/\/globalnewsmexico.com\/sitio\/wp-json\/wp\/v2\/comments?post=51294"}],"version-history":[{"count":0,"href":"https:\/\/globalnewsmexico.com\/sitio\/wp-json\/wp\/v2\/posts\/51294\/revisions"}],"wp:featuredmedia":[{"embeddable":true,"href":"https:\/\/globalnewsmexico.com\/sitio\/wp-json\/wp\/v2\/media\/51295"}],"wp:attachment":[{"href":"https:\/\/globalnewsmexico.com\/sitio\/wp-json\/wp\/v2\/media?parent=51294"}],"wp:term":[{"taxonomy":"category","embeddable":true,"href":"https:\/\/globalnewsmexico.com\/sitio\/wp-json\/wp\/v2\/categories?post=51294"},{"taxonomy":"post_tag","embeddable":true,"href":"https:\/\/globalnewsmexico.com\/sitio\/wp-json\/wp\/v2\/tags?post=51294"}],"curies":[{"name":"wp","href":"https:\/\/api.w.org\/{rel}","templated":true}]}}