{"id":51300,"date":"2020-07-25T19:00:36","date_gmt":"2020-07-26T00:00:36","guid":{"rendered":"http:\/\/globalnewsmexico.com\/sitio\/?p=51300"},"modified":"2020-07-25T19:00:41","modified_gmt":"2020-07-26T00:00:41","slug":"corporaciones-de-auxilio-fortalecen-acciones-contra-propagacion-del-covid-19","status":"publish","type":"post","link":"https:\/\/globalnewsmexico.com\/sitio\/corporaciones-de-auxilio-fortalecen-acciones-contra-propagacion-del-covid-19\/","title":{"rendered":"Corporaciones de auxilio fortalecen acciones contra propagaci\u00f3n del Covid-19"},"content":{"rendered":"\n<p>Como parte de las acciones emprendidas para evitar la propagaci\u00f3n del Covid-19, durante el viernes, s\u00e1bado y domingo elementos de la Polic\u00eda Municipal y Protecci\u00f3n Civil recorren el malec\u00f3n ribere\u00f1o y el malec\u00f3n costero de Coatzacoalcos, as\u00ed como la zona de playas, invitando a los ciudadanos a regresar a sus hogares, debido a que la ciudad se mantiene en sem\u00e1foro rojo y es uno de los municipios en el estado con mayor n\u00famero de contagios.<\/p>\n\n\n\n<p>Lo anterior motiv\u00f3 a las autoridades municipales a reforzar las medidas de prevenci\u00f3n en los sitios p\u00fablicos, supermercados, comercios y calles en general, ya que se increment\u00f3 en un 8% la propagaci\u00f3n del coronavirus.<\/p>\n\n\n\n<p>Por ello, a trav\u00e9s de perifoneo miembros de las corporaciones de auxilio les piden a los habitantes a usar cubrebocas, gel antibacterial, a no salir de sus casas y que dejen de circular a partir de las seis de la tarde. Tambi\u00e9n a que solo sea un miembro de la familia el que acuda a hacer sus compras.<\/p>\n\n\n\n<p>Se determin\u00f3 impedir el acceso al \u00e1rea de playas a los visitantes, adem\u00e1s por las noches se repite esta actividad a lo largo del Malec\u00f3n, para quienes realizan sus reuniones familiares y de amigos.<\/p>\n","protected":false},"excerpt":{"rendered":"<p>Como parte de las acciones emprendidas para evitar la propagaci\u00f3n del Covid-19, durante el viernes, s\u00e1bado y domingo elementos de la Polic\u00eda Municipal y Protecci\u00f3n Civil recorren el malec\u00f3n ribere\u00f1o y el malec\u00f3n costero de Coatzacoalcos, as\u00ed como la zona de playas, invitando a los ciudadanos a regresar a sus hogares, debido a que la<a class=\"read-more\" href=\"https:\/\/globalnewsmexico.com\/sitio\/corporaciones-de-auxilio-fortalecen-acciones-contra-propagacion-del-covid-19\/\">Leer m\u00e1s<\/a><\/p>\n","protected":false},"author":5,"featured_media":51303,"comment_status":"closed","ping_status":"open","sticky":false,"template":"","format":"standard","meta":{"spay_email":"","footnotes":""},"categories":[37,8,50,52],"tags":[],"jetpack_featured_media_url":"https:\/\/i0.wp.com\/globalnewsmexico.com\/sitio\/wp-content\/uploads\/2020\/07\/724410de-3233-4b06-8b5a-b2a8f57275d5.jpg?fit=1040%2C693&ssl=1","jetpack_sharing_enabled":true,"jetpack_shortlink":"https:\/\/wp.me\/p9yqPL-dlq","jetpack_likes_enabled":true,"_links":{"self":[{"href":"https:\/\/globalnewsmexico.com\/sitio\/wp-json\/wp\/v2\/posts\/51300"}],"collection":[{"href":"https:\/\/globalnewsmexico.com\/sitio\/wp-json\/wp\/v2\/posts"}],"about":[{"href":"https:\/\/globalnewsmexico.com\/sitio\/wp-json\/wp\/v2\/types\/post"}],"author":[{"embeddable":true,"href":"https:\/\/globalnewsmexico.com\/sitio\/wp-json\/wp\/v2\/users\/5"}],"replies":[{"embeddable":true,"href":"https:\/\/globalnewsmexico.com\/sitio\/wp-json\/wp\/v2\/comments?post=51300"}],"version-history":[{"count":0,"href":"https:\/\/globalnewsmexico.com\/sitio\/wp-json\/wp\/v2\/posts\/51300\/revisions"}],"wp:featuredmedia":[{"embeddable":true,"href":"https:\/\/globalnewsmexico.com\/sitio\/wp-json\/wp\/v2\/media\/51303"}],"wp:attachment":[{"href":"https:\/\/globalnewsmexico.com\/sitio\/wp-json\/wp\/v2\/media?parent=51300"}],"wp:term":[{"taxonomy":"category","embeddable":true,"href":"https:\/\/globalnewsmexico.com\/sitio\/wp-json\/wp\/v2\/categories?post=51300"},{"taxonomy":"post_tag","embeddable":true,"href":"https:\/\/globalnewsmexico.com\/sitio\/wp-json\/wp\/v2\/tags?post=51300"}],"curies":[{"name":"wp","href":"https:\/\/api.w.org\/{rel}","templated":true}]}}