{"id":51307,"date":"2020-07-27T09:56:32","date_gmt":"2020-07-27T14:56:32","guid":{"rendered":"http:\/\/globalnewsmexico.com\/sitio\/?p=51307"},"modified":"2020-07-27T09:56:36","modified_gmt":"2020-07-27T14:56:36","slug":"avion-presidencial-faraonico-y-un-insulto-al-pueblo-amlo","status":"publish","type":"post","link":"https:\/\/globalnewsmexico.com\/sitio\/avion-presidencial-faraonico-y-un-insulto-al-pueblo-amlo\/","title":{"rendered":"Avi\u00f3n presidencial, fara\u00f3nico y un insulto al pueblo: AMLO"},"content":{"rendered":"\n<p>El\u00a0avi\u00f3n presidencial TP-01 &#8216;Jos\u00e9 Mar\u00eda Morelos y Pav\u00f3n&#8217; es un insulto para el pueblo frente a la pobreza y necesidad que hay en M\u00e9xico, dijo el presidente\u00a0Andr\u00e9s Manuel L\u00f3pez Obrador\u00a0desde lo que fuera el hangar presidencial en el Aeropuerto Internacional de la Ciudad de M\u00e9xico (AICM).<\/p>\n\n\n\n<p>En La Ma\u00f1anera, el mandatario asegur\u00f3 que ya no se permitir\u00e1n los lujos ni los privilegios en el Gobierno, y aprovech\u00f3 para criticar que el avi\u00f3n fuera nombrado &#8216;Jos\u00e9 Mar\u00eda Morelos y Pav\u00f3n&#8217;, pues dijo que \u201ca lo mejor si le hubiesen puesto\u00a0Agust\u00edn de Iturbide,<strong>\u00a0Porfirio D\u00edaz o\u00a0<\/strong>Carlos Salinas de Gortari, tendr\u00eda m\u00e1s apego a la realidad\u201d.<\/p>\n\n\n\n<p>\u201cSe pueden tomar fotograf\u00edas, ser\u00eda bueno que se tomaran una fotograf\u00eda para que se vea la dimensi\u00f3n del avi\u00f3n, es tan grande que las personas se ven peque\u00f1as. Aclaro que la grandeza de las mujeres y los hombres se mide de la cabeza al cielo. Es monumental, fara\u00f3nico y desde luego es un insulto al pueblo de M\u00e9xico habiendo tanta necesidad y tanta pobreza, este lujo\u201d agreg\u00f3 con la aeronave a sus espaldas.<\/p>\n\n\n\n<p>El presidente explic\u00f3 que el prop\u00f3sito de realizar la conferencia en el hangar presidencial y modelando el avi\u00f3n, es para mostrar c\u00f3mo se \u201cmal gobernaba\u201d al pa\u00eds con muchos lujos durante el periodo neoliberal en el que asegur\u00f3 se le dio la espalda al pueblo mientras que los altos funcionarios viv\u00edan colmados de privilegios.<\/p>\n\n\n\n<p>\u201cEra un gobierno de ricos para ricos con un pueblo pobre, esa fue la forma de gobierno durante el periodo neoliberal ese fue el distintivo de los gobiernos neoliberales\u201d, agreg\u00f3.<\/p>\n\n\n\n<p>L\u00f3pez Obrador mencion\u00f3 que es necesario estar reiterando este tipo de informaci\u00f3n con ejemplos como el avi\u00f3n, pues advirti\u00f3 que hay quienes quieren regresar a los antiguos gobiernos porque \u201ca\u00f1oran aspiran a que contin\u00fae la corrupci\u00f3n los privilegios esa es una caracter\u00edstica de la posici\u00f3n conservadora\u201d.<\/p>\n\n\n\n<p>Explic\u00f3 que el costo de la avi\u00f3n es de 7 mil millones de pesos y por su mantenimiento anual se deb\u00edan pagar 150 millones de pesos. Adem\u00e1s record\u00f3 que solo la construcci\u00f3n del hangar presidencial cost\u00f3 mil millones de pesos, el cual se hubiera tenido que desmantelar si se hubiera terminado el proyecto del aeropuerto de Texcoco.<\/p>\n\n\n\n<p>Fuente: Milenio<\/p>\n","protected":false},"excerpt":{"rendered":"<p>El\u00a0avi\u00f3n presidencial TP-01 &#8216;Jos\u00e9 Mar\u00eda Morelos y Pav\u00f3n&#8217; es un insulto para el pueblo frente a la pobreza y necesidad que hay en M\u00e9xico, dijo el presidente\u00a0Andr\u00e9s Manuel L\u00f3pez Obrador\u00a0desde lo que fuera el hangar presidencial en el Aeropuerto Internacional de la Ciudad de M\u00e9xico (AICM). En La Ma\u00f1anera, el mandatario asegur\u00f3 que ya no<a class=\"read-more\" href=\"https:\/\/globalnewsmexico.com\/sitio\/avion-presidencial-faraonico-y-un-insulto-al-pueblo-amlo\/\">Leer m\u00e1s<\/a><\/p>\n","protected":false},"author":5,"featured_media":51308,"comment_status":"closed","ping_status":"open","sticky":false,"template":"","format":"standard","meta":{"spay_email":"","footnotes":""},"categories":[37,8,40,52],"tags":[],"jetpack_featured_media_url":"https:\/\/i1.wp.com\/globalnewsmexico.com\/sitio\/wp-content\/uploads\/2020\/07\/el-presidente-quiso-dar-a.jpg?fit=958%2C596&ssl=1","jetpack_sharing_enabled":true,"jetpack_shortlink":"https:\/\/wp.me\/p9yqPL-dlx","jetpack_likes_enabled":true,"_links":{"self":[{"href":"https:\/\/globalnewsmexico.com\/sitio\/wp-json\/wp\/v2\/posts\/51307"}],"collection":[{"href":"https:\/\/globalnewsmexico.com\/sitio\/wp-json\/wp\/v2\/posts"}],"about":[{"href":"https:\/\/globalnewsmexico.com\/sitio\/wp-json\/wp\/v2\/types\/post"}],"author":[{"embeddable":true,"href":"https:\/\/globalnewsmexico.com\/sitio\/wp-json\/wp\/v2\/users\/5"}],"replies":[{"embeddable":true,"href":"https:\/\/globalnewsmexico.com\/sitio\/wp-json\/wp\/v2\/comments?post=51307"}],"version-history":[{"count":0,"href":"https:\/\/globalnewsmexico.com\/sitio\/wp-json\/wp\/v2\/posts\/51307\/revisions"}],"wp:featuredmedia":[{"embeddable":true,"href":"https:\/\/globalnewsmexico.com\/sitio\/wp-json\/wp\/v2\/media\/51308"}],"wp:attachment":[{"href":"https:\/\/globalnewsmexico.com\/sitio\/wp-json\/wp\/v2\/media?parent=51307"}],"wp:term":[{"taxonomy":"category","embeddable":true,"href":"https:\/\/globalnewsmexico.com\/sitio\/wp-json\/wp\/v2\/categories?post=51307"},{"taxonomy":"post_tag","embeddable":true,"href":"https:\/\/globalnewsmexico.com\/sitio\/wp-json\/wp\/v2\/tags?post=51307"}],"curies":[{"name":"wp","href":"https:\/\/api.w.org\/{rel}","templated":true}]}}