{"id":51440,"date":"2020-07-28T20:09:42","date_gmt":"2020-07-29T01:09:42","guid":{"rendered":"http:\/\/globalnewsmexico.com\/sitio\/?p=51440"},"modified":"2020-07-28T20:09:46","modified_gmt":"2020-07-29T01:09:46","slug":"umpc-evalua-danos-a-viviendas-por-lluvias","status":"publish","type":"post","link":"https:\/\/globalnewsmexico.com\/sitio\/umpc-evalua-danos-a-viviendas-por-lluvias\/","title":{"rendered":"UMPC eval\u00faa da\u00f1os a viviendas por lluvias"},"content":{"rendered":"\n<p>Personal de la Unidad Municipal de Protecci\u00f3n Civil (UMPC) de C\u00f3rdoba contin\u00faa la evaluaci\u00f3n de da\u00f1os a viviendas en las colonias Aquiles C\u00f3rdoba Mor\u00e1n y Ampliaci\u00f3n C\u00f3rdoba Mor\u00e1n, con el objetivo de contar con mayor detalle sobre las afectaciones tras la lluvia vespertina registrada el pasado lunes.<\/p>\n\n\n\n<p>Jos\u00e9 Sierra Silva, coordinador de la UMPC, indic\u00f3 que de manera preliminar se conform\u00f3 un reporte de al menos 25 viviendas afectadas en ambas colonias por las rachas de viento que provocaron que sus techados perdieran l\u00e1minas. Dijo que es falsa la versi\u00f3n de la ca\u00edda de un poste de la Comisi\u00f3n Federal de Electricidad sobre una vivienda.<\/p>\n\n\n\n<p>Explic\u00f3 que en la colonia Aquiles C\u00f3rdova Mor\u00e1n fueron afectadas ocho casas de igual n\u00famero de familias, de las cuales los integrantes de una solicitar\u00e1n apoyo al Sistema Municipal para el Desarrollo Integral de la Familia (DIF) con intenciones de ser ubicados en un refugio temporal, considerando que los da\u00f1os superan el 80 por ciento del inmueble, en tanto que las otras familias encontraron cobijo entre conocidos cercanos.<\/p>\n\n\n\n<p>A su vez, en la colonia Ampliaci\u00f3n de la Aquiles C\u00f3rdova Mor\u00e1n, Sierra Silva precis\u00f3 que este martes s\u00f3lo se avanz\u00f3 parcialmente en la evaluaci\u00f3n, teniendo conocimiento de cinco viviendas afectadas, por lo que ser\u00e1 en el transcurso de la presente semana se concluir\u00e1 el censo correspondiente. Anticip\u00f3 que los da\u00f1os consistieron mayoritariamente en la p\u00e9rdida de l\u00e1minas.<\/p>\n\n\n\n<p>Exhort\u00f3 a los ciudadanos con viviendas con techados de l\u00e1minas a que verifiquen que estas se encuentren bien sujetas y que, en caso de estar montadas sobre estructura de madera, esta no se observe h\u00fameda y\/o con partes afectadas que pudieran ponerles en riesgo al ser desplazadas por la fuerza del viento. Llam\u00f3 a verificar que no tengan objetos que, por efecto del agua, aporten mayor peso a la techumbre y puedan vencer su resistencia.<\/p>\n","protected":false},"excerpt":{"rendered":"<p>Personal de la Unidad Municipal de Protecci\u00f3n Civil (UMPC) de C\u00f3rdoba contin\u00faa la evaluaci\u00f3n de da\u00f1os a viviendas en las colonias Aquiles C\u00f3rdoba Mor\u00e1n y Ampliaci\u00f3n C\u00f3rdoba Mor\u00e1n, con el objetivo de contar con mayor detalle sobre las afectaciones tras la lluvia vespertina registrada el pasado lunes. Jos\u00e9 Sierra Silva, coordinador de la UMPC, indic\u00f3<a class=\"read-more\" href=\"https:\/\/globalnewsmexico.com\/sitio\/umpc-evalua-danos-a-viviendas-por-lluvias\/\">Leer m\u00e1s<\/a><\/p>\n","protected":false},"author":5,"featured_media":51443,"comment_status":"closed","ping_status":"open","sticky":false,"template":"","format":"standard","meta":{"spay_email":"","footnotes":""},"categories":[37,8,50,52],"tags":[],"jetpack_featured_media_url":"https:\/\/i1.wp.com\/globalnewsmexico.com\/sitio\/wp-content\/uploads\/2020\/07\/f069d19c-ae9a-4cb4-9ee5-865eb2a8edb3.jpg?fit=1040%2C586&ssl=1","jetpack_sharing_enabled":true,"jetpack_shortlink":"https:\/\/wp.me\/p9yqPL-dnG","jetpack_likes_enabled":true,"_links":{"self":[{"href":"https:\/\/globalnewsmexico.com\/sitio\/wp-json\/wp\/v2\/posts\/51440"}],"collection":[{"href":"https:\/\/globalnewsmexico.com\/sitio\/wp-json\/wp\/v2\/posts"}],"about":[{"href":"https:\/\/globalnewsmexico.com\/sitio\/wp-json\/wp\/v2\/types\/post"}],"author":[{"embeddable":true,"href":"https:\/\/globalnewsmexico.com\/sitio\/wp-json\/wp\/v2\/users\/5"}],"replies":[{"embeddable":true,"href":"https:\/\/globalnewsmexico.com\/sitio\/wp-json\/wp\/v2\/comments?post=51440"}],"version-history":[{"count":0,"href":"https:\/\/globalnewsmexico.com\/sitio\/wp-json\/wp\/v2\/posts\/51440\/revisions"}],"wp:featuredmedia":[{"embeddable":true,"href":"https:\/\/globalnewsmexico.com\/sitio\/wp-json\/wp\/v2\/media\/51443"}],"wp:attachment":[{"href":"https:\/\/globalnewsmexico.com\/sitio\/wp-json\/wp\/v2\/media?parent=51440"}],"wp:term":[{"taxonomy":"category","embeddable":true,"href":"https:\/\/globalnewsmexico.com\/sitio\/wp-json\/wp\/v2\/categories?post=51440"},{"taxonomy":"post_tag","embeddable":true,"href":"https:\/\/globalnewsmexico.com\/sitio\/wp-json\/wp\/v2\/tags?post=51440"}],"curies":[{"name":"wp","href":"https:\/\/api.w.org\/{rel}","templated":true}]}}