{"id":51517,"date":"2020-07-30T12:44:41","date_gmt":"2020-07-30T17:44:41","guid":{"rendered":"http:\/\/globalnewsmexico.com\/sitio\/?p=51517"},"modified":"2020-07-30T12:44:45","modified_gmt":"2020-07-30T17:44:45","slug":"titular-de-proteccion-civil-se-encargara-de-distribuidora-de-medicinas-del-estado-amlo","status":"publish","type":"post","link":"https:\/\/globalnewsmexico.com\/sitio\/titular-de-proteccion-civil-se-encargara-de-distribuidora-de-medicinas-del-estado-amlo\/","title":{"rendered":"Titular de Protecci\u00f3n Civil se encargar\u00e1 de distribuidora de medicinas del Estado: AMLO"},"content":{"rendered":"\n<p>El presidente\u00a0Andr\u00e9s Manuel L\u00f3pez Obardor\u00a0inform\u00f3 que\u00a0David Le\u00f3n Romero, coordinador Nacional de Protecci\u00f3n Civil, ser\u00e1 el\u00a0director de la empresa de distribuci\u00f3n\u00a0de vacunas, medicinas y equipos m\u00e9dicos, que crear\u00e1 el\u00a0Gobierno federal.<\/p>\n\n\n\n<p>En conferencia de prensa, el presidente aclar\u00f3 que el funcionario\u00a0dejar\u00e1 su cargo en Protecci\u00f3n Civil, por lo que ya tienen una propuesta para que sea sustituido.<\/p>\n\n\n\n<p>\u00abDavid Le\u00f3n va a ser el director de la empresa de distribuci\u00f3n de vacunas, medicinas y equipos m\u00e9dicos; uno de los mejores servidores p\u00fablicos del Gobierno se va a hacer cargo de este asunto. Lo vamos a sustituir, ya no va a estar en Protecci\u00f3n Civil, nos ha ayudado much\u00edsimo ahora con el hurac\u00e1n que afect\u00f3 en el norte.<\/p>\n\n\n\n<p>Est\u00e1 muy experimentado tiene muy buena coordinaci\u00f3n con estados y es partir de cero. Antes todo se subrogaba, se contrataba, vean la situaci\u00f3n del Issste, todo est\u00e1 subcontratado\u00bb, dijo.<\/p>\n\n\n\n<p>Explic\u00f3 que la\u00a0empresa comenzar\u00e1 a funcionar el 15 de agosto\u00a0y tendr\u00e1 presupuesto propio, que se obtendr\u00e1 de los 50 mil millones de pesos contemplados para el sector salud.<\/p>\n\n\n\n<p>Adem\u00e1s de que contar\u00e1 con oficinas y equipo log\u00edstico para que, al momento de recibir los medicamentos del extranjero, estos se puedan distribuir inmediatamente a todo el pa\u00eds.<\/p>\n\n\n\n<p>\u201cVa a ser una empresa bien constituida para que no falten medicamentos ni en el pueblo m\u00e1s apartado, a las zonas m\u00e1s distantes tienen que llegar los medicamentos y gratuitamente. Tenemos disponibles como 50 mil millones de pesos para salud p\u00fablica, es una prioridad\u201d, afirm\u00f3.<\/p>\n\n\n\n<p>Adelant\u00f3 que \u00a0ma\u00f1ana se firmar\u00e1 un convenio con la Organizaci\u00f3n de las Naciones Unidas (ONU), tras la\u00a0aprobaci\u00f3n de la reforma a la Ley de Adquisiciones en el Congreso, la cual permitir\u00e1 la compra de insumos m\u00e9dicos en el extranjero, como Francia, Alemania, India y Estados Unidos.<\/p>\n\n\n\n<p>\u00abQuiero celebrar que se aprob\u00f3 en el Congreso la compra de medicamentos en el extranjero, esto significa quebrar el monopolio que exist\u00eda de empresas que ten\u00edan el control en M\u00e9xico.\u00a0<\/p>\n\n\n\n<p>Vamos ma\u00f1ana a celebrar un convenio con la ONU para adquirir medicamentos, vacunas y equipos en el mundo, donde se obtengan las mejores condiciones en cuanto a calidad y precio\u00bb, coment\u00f3.<\/p>\n\n\n\n<p>L\u00f3pez Obrador resalt\u00f3 que con la firma del convenio se prev\u00e9 hacer el primer pedido de medicinas, incluidas las necesarias para tratamientos de c\u00e1ncer.<\/p>\n\n\n\n<p>\u201cNo queremos seguir perdiendo el tiempo, ya queremos ma\u00f1ana para que lleguen los medicamentos lo m\u00e1s pronto posible que sigan faltando medicamentos y adem\u00e1s no dar pie a la manipulaci\u00f3n a la desinformaci\u00f3n que no se les da apoyo a los ni\u00f1os con c\u00e1ncer, todo esto que tiene una parte real y otra muy vinculada a la manipulaci\u00f3n pol\u00edtica e intereses creados porque se rallaban en la compra de medicamentos\u201d, apunt\u00f3.<\/p>\n\n\n\n<p>Fuente: Milenio<\/p>\n","protected":false},"excerpt":{"rendered":"<p>El presidente\u00a0Andr\u00e9s Manuel L\u00f3pez Obardor\u00a0inform\u00f3 que\u00a0David Le\u00f3n Romero, coordinador Nacional de Protecci\u00f3n Civil, ser\u00e1 el\u00a0director de la empresa de distribuci\u00f3n\u00a0de vacunas, medicinas y equipos m\u00e9dicos, que crear\u00e1 el\u00a0Gobierno federal. En conferencia de prensa, el presidente aclar\u00f3 que el funcionario\u00a0dejar\u00e1 su cargo en Protecci\u00f3n Civil, por lo que ya tienen una propuesta para que sea sustituido.<a class=\"read-more\" href=\"https:\/\/globalnewsmexico.com\/sitio\/titular-de-proteccion-civil-se-encargara-de-distribuidora-de-medicinas-del-estado-amlo\/\">Leer m\u00e1s<\/a><\/p>\n","protected":false},"author":5,"featured_media":51518,"comment_status":"closed","ping_status":"open","sticky":false,"template":"","format":"standard","meta":{"spay_email":"","footnotes":""},"categories":[37,8,39,52],"tags":[],"jetpack_featured_media_url":"https:\/\/i0.wp.com\/globalnewsmexico.com\/sitio\/wp-content\/uploads\/2020\/07\/david-leon-mananera-funcion-coordinador_0_49_1200_747.jpeg?fit=958%2C596&ssl=1","jetpack_sharing_enabled":true,"jetpack_shortlink":"https:\/\/wp.me\/p9yqPL-doV","jetpack_likes_enabled":true,"_links":{"self":[{"href":"https:\/\/globalnewsmexico.com\/sitio\/wp-json\/wp\/v2\/posts\/51517"}],"collection":[{"href":"https:\/\/globalnewsmexico.com\/sitio\/wp-json\/wp\/v2\/posts"}],"about":[{"href":"https:\/\/globalnewsmexico.com\/sitio\/wp-json\/wp\/v2\/types\/post"}],"author":[{"embeddable":true,"href":"https:\/\/globalnewsmexico.com\/sitio\/wp-json\/wp\/v2\/users\/5"}],"replies":[{"embeddable":true,"href":"https:\/\/globalnewsmexico.com\/sitio\/wp-json\/wp\/v2\/comments?post=51517"}],"version-history":[{"count":0,"href":"https:\/\/globalnewsmexico.com\/sitio\/wp-json\/wp\/v2\/posts\/51517\/revisions"}],"wp:featuredmedia":[{"embeddable":true,"href":"https:\/\/globalnewsmexico.com\/sitio\/wp-json\/wp\/v2\/media\/51518"}],"wp:attachment":[{"href":"https:\/\/globalnewsmexico.com\/sitio\/wp-json\/wp\/v2\/media?parent=51517"}],"wp:term":[{"taxonomy":"category","embeddable":true,"href":"https:\/\/globalnewsmexico.com\/sitio\/wp-json\/wp\/v2\/categories?post=51517"},{"taxonomy":"post_tag","embeddable":true,"href":"https:\/\/globalnewsmexico.com\/sitio\/wp-json\/wp\/v2\/tags?post=51517"}],"curies":[{"name":"wp","href":"https:\/\/api.w.org\/{rel}","templated":true}]}}