{"id":51547,"date":"2020-07-30T15:41:55","date_gmt":"2020-07-30T20:41:55","guid":{"rendered":"http:\/\/globalnewsmexico.com\/sitio\/?p=51547"},"modified":"2020-07-30T15:42:00","modified_gmt":"2020-07-30T20:42:00","slug":"alcaldesa-de-chalma-veracruz-da-positivo-a-covid-19","status":"publish","type":"post","link":"https:\/\/globalnewsmexico.com\/sitio\/alcaldesa-de-chalma-veracruz-da-positivo-a-covid-19\/","title":{"rendered":"Alcaldesa de Chalma, Veracruz, da positivo a Covid-19"},"content":{"rendered":"\n<p>La presidenta municipal de Chalma,\u00a0Veracruz, Mariana Galv\u00e1n Arg\u00fcelles, inform\u00f3 que dio positivo a Covid-19, por lo que permanecer\u00e1 en aislamiento.<\/p>\n\n\n\n<p>La edil dio a conocer la noticia a trav\u00e9s de su cuenta de Facebook, donde emiti\u00f3 el siguiente comunicado:<\/p>\n\n\n\n<p>\u00abPor este medio hago de su conocimiento que ante la presencia de algunos s\u00edntomas referentes al covid-19 me somet\u00ed a las pruebas pertinentes, hace un momento recib\u00ed los resultados; SOY POSITIVO. La intenci\u00f3n de informarles es la responsabilidad para con las personas que tuve contacto en los \u00faltimos 15 d\u00edas procuren tomar medidas y ante cualquier s\u00edntoma acudan a recibir atenci\u00f3n m\u00e9dica!<\/p>\n\n\n\n<p>Estar\u00e9 en casa bajo las recomendaciones m\u00e9dicas hasta volver a realizar la prueba y saber que ya no soy un peligro de contagio para los dem\u00e1s\u00bb.<\/p>\n","protected":false},"excerpt":{"rendered":"<p>La presidenta municipal de Chalma,\u00a0Veracruz, Mariana Galv\u00e1n Arg\u00fcelles, inform\u00f3 que dio positivo a Covid-19, por lo que permanecer\u00e1 en aislamiento. La edil dio a conocer la noticia a trav\u00e9s de su cuenta de Facebook, donde emiti\u00f3 el siguiente comunicado: \u00abPor este medio hago de su conocimiento que ante la presencia de algunos s\u00edntomas referentes al<a class=\"read-more\" href=\"https:\/\/globalnewsmexico.com\/sitio\/alcaldesa-de-chalma-veracruz-da-positivo-a-covid-19\/\">Leer m\u00e1s<\/a><\/p>\n","protected":false},"author":5,"featured_media":51548,"comment_status":"closed","ping_status":"open","sticky":false,"template":"","format":"standard","meta":{"spay_email":"","footnotes":""},"categories":[37,8,50,52],"tags":[],"jetpack_featured_media_url":"https:\/\/i0.wp.com\/globalnewsmexico.com\/sitio\/wp-content\/uploads\/2020\/07\/la-alcaldesa-aseguro-que-se-1_0_41_695_433.jpg?fit=958%2C596&ssl=1","jetpack_sharing_enabled":true,"jetpack_shortlink":"https:\/\/wp.me\/p9yqPL-dpp","jetpack_likes_enabled":true,"_links":{"self":[{"href":"https:\/\/globalnewsmexico.com\/sitio\/wp-json\/wp\/v2\/posts\/51547"}],"collection":[{"href":"https:\/\/globalnewsmexico.com\/sitio\/wp-json\/wp\/v2\/posts"}],"about":[{"href":"https:\/\/globalnewsmexico.com\/sitio\/wp-json\/wp\/v2\/types\/post"}],"author":[{"embeddable":true,"href":"https:\/\/globalnewsmexico.com\/sitio\/wp-json\/wp\/v2\/users\/5"}],"replies":[{"embeddable":true,"href":"https:\/\/globalnewsmexico.com\/sitio\/wp-json\/wp\/v2\/comments?post=51547"}],"version-history":[{"count":0,"href":"https:\/\/globalnewsmexico.com\/sitio\/wp-json\/wp\/v2\/posts\/51547\/revisions"}],"wp:featuredmedia":[{"embeddable":true,"href":"https:\/\/globalnewsmexico.com\/sitio\/wp-json\/wp\/v2\/media\/51548"}],"wp:attachment":[{"href":"https:\/\/globalnewsmexico.com\/sitio\/wp-json\/wp\/v2\/media?parent=51547"}],"wp:term":[{"taxonomy":"category","embeddable":true,"href":"https:\/\/globalnewsmexico.com\/sitio\/wp-json\/wp\/v2\/categories?post=51547"},{"taxonomy":"post_tag","embeddable":true,"href":"https:\/\/globalnewsmexico.com\/sitio\/wp-json\/wp\/v2\/tags?post=51547"}],"curies":[{"name":"wp","href":"https:\/\/api.w.org\/{rel}","templated":true}]}}