{"id":51549,"date":"2020-07-30T15:47:10","date_gmt":"2020-07-30T20:47:10","guid":{"rendered":"http:\/\/globalnewsmexico.com\/sitio\/?p=51549"},"modified":"2020-07-30T15:47:17","modified_gmt":"2020-07-30T20:47:17","slug":"confirmado-checo-perez-tiene-covid-19-se-pierde-gp-de-gran-bretana","status":"publish","type":"post","link":"https:\/\/globalnewsmexico.com\/sitio\/confirmado-checo-perez-tiene-covid-19-se-pierde-gp-de-gran-bretana\/","title":{"rendered":"Confirmado: \u2018Checo\u2019 P\u00e9rez tiene Covid-19; se pierde GP de Gran Breta\u00f1a"},"content":{"rendered":"\n<p>El piloto mexicano\u00a0Sergio P\u00e9rez\u00a0confirm\u00f3 que dio positivo a\u00a0Covid-19, por lo que se perder\u00e1 el\u00a0GP de Gran Breta\u00f1a\u00a0de este domingo, en el circuito de Silverstone.<\/p>\n\n\n\n<p>\u201c(Sergio)<strong>\u00a0<\/strong>P\u00e9rez\u00a0se puso en total cuarentena de acuerdo a\u00a0las instrucciones publicadas por las autoridades para el cuidado de todos, y continuar\u00e1 con los protocolos establecidos\u201d, inform\u00f3 la\u00a0F\u00f3rmula 1\u00a0y la\u00a0FIA.<\/p>\n\n\n\n<p>Tras una primera prueba no concluyente,\u00a0P\u00e9rez\u00a0fue resguardado y puesto en cuarentena, para esperar los resultados del\u00a0segundo\u00a0test. Es por esto que no tuvo participaci\u00f3n este jueves en la pista en\u00a0Londres.\u00a0<\/p>\n\n\n\n<p>\u201cCon asistencia de los organizadores, las autoridades de\u00a0salud\u00a0y de la\u00a0FIA, se le dio seguimiento al caso. El\u00a0piloto\u00a0y todos los que estuvieron cerca ser\u00e1n puestos en cuarentena\u201d, agregaron en el comunicado.<\/p>\n\n\n\n<p>La\u00a0escuder\u00eda\u00a0confirm\u00f3 que el mexicano se encuentra con buena salud y est\u00e1 positivo a pesar de la situaci\u00f3n. Asimismo, buscar\u00e1n tener dos pilotos sobre la pista el fin de semana, y anunciar\u00e1n al sustituto del\u00a0tapat\u00edo\u00a0en las pr\u00f3ximas horas.<\/p>\n\n\n\n<p>Fuente: El Heraldo de M\u00e9xico<\/p>\n","protected":false},"excerpt":{"rendered":"<p>El piloto mexicano\u00a0Sergio P\u00e9rez\u00a0confirm\u00f3 que dio positivo a\u00a0Covid-19, por lo que se perder\u00e1 el\u00a0GP de Gran Breta\u00f1a\u00a0de este domingo, en el circuito de Silverstone. \u201c(Sergio)\u00a0P\u00e9rez\u00a0se puso en total cuarentena de acuerdo a\u00a0las instrucciones publicadas por las autoridades para el cuidado de todos, y continuar\u00e1 con los protocolos establecidos\u201d, inform\u00f3 la\u00a0F\u00f3rmula 1\u00a0y la\u00a0FIA. Tras una primera<a class=\"read-more\" href=\"https:\/\/globalnewsmexico.com\/sitio\/confirmado-checo-perez-tiene-covid-19-se-pierde-gp-de-gran-bretana\/\">Leer m\u00e1s<\/a><\/p>\n","protected":false},"author":5,"featured_media":51550,"comment_status":"closed","ping_status":"open","sticky":false,"template":"","format":"standard","meta":{"spay_email":"","footnotes":""},"categories":[37,8,40,52],"tags":[],"jetpack_featured_media_url":"https:\/\/i0.wp.com\/globalnewsmexico.com\/sitio\/wp-content\/uploads\/2020\/07\/checo-perez-1-640x400-1.jpg?fit=1040%2C650&ssl=1","jetpack_sharing_enabled":true,"jetpack_shortlink":"https:\/\/wp.me\/p9yqPL-dpr","jetpack_likes_enabled":true,"_links":{"self":[{"href":"https:\/\/globalnewsmexico.com\/sitio\/wp-json\/wp\/v2\/posts\/51549"}],"collection":[{"href":"https:\/\/globalnewsmexico.com\/sitio\/wp-json\/wp\/v2\/posts"}],"about":[{"href":"https:\/\/globalnewsmexico.com\/sitio\/wp-json\/wp\/v2\/types\/post"}],"author":[{"embeddable":true,"href":"https:\/\/globalnewsmexico.com\/sitio\/wp-json\/wp\/v2\/users\/5"}],"replies":[{"embeddable":true,"href":"https:\/\/globalnewsmexico.com\/sitio\/wp-json\/wp\/v2\/comments?post=51549"}],"version-history":[{"count":0,"href":"https:\/\/globalnewsmexico.com\/sitio\/wp-json\/wp\/v2\/posts\/51549\/revisions"}],"wp:featuredmedia":[{"embeddable":true,"href":"https:\/\/globalnewsmexico.com\/sitio\/wp-json\/wp\/v2\/media\/51550"}],"wp:attachment":[{"href":"https:\/\/globalnewsmexico.com\/sitio\/wp-json\/wp\/v2\/media?parent=51549"}],"wp:term":[{"taxonomy":"category","embeddable":true,"href":"https:\/\/globalnewsmexico.com\/sitio\/wp-json\/wp\/v2\/categories?post=51549"},{"taxonomy":"post_tag","embeddable":true,"href":"https:\/\/globalnewsmexico.com\/sitio\/wp-json\/wp\/v2\/tags?post=51549"}],"curies":[{"name":"wp","href":"https:\/\/api.w.org\/{rel}","templated":true}]}}