{"id":51552,"date":"2020-07-30T17:31:51","date_gmt":"2020-07-30T22:31:51","guid":{"rendered":"http:\/\/globalnewsmexico.com\/sitio\/?p=51552"},"modified":"2020-07-30T17:33:33","modified_gmt":"2020-07-30T22:33:33","slug":"personas-con-discapacidad-deben-recibir-atencion-en-emergencia-sanitaria-nora-lagunes","status":"publish","type":"post","link":"https:\/\/globalnewsmexico.com\/sitio\/personas-con-discapacidad-deben-recibir-atencion-en-emergencia-sanitaria-nora-lagunes\/","title":{"rendered":"Personas con discapacidad deben recibir atenci\u00f3n en emergencia sanitaria, Nora Lagunes"},"content":{"rendered":"\n<p>La diputada Nora Jessica Lagunes J\u00e1uregui present\u00f3 al Pleno de la LXV Legislatura una iniciativa con proyecto de decreto, la cual tiene como finalidad incorporar atribuciones a las autoridades del sector salud para fortalecer la atenci\u00f3n brindada a personas con discapacidad para que disfruten de este derecho humano en todo tiempo y de manera especial, en tiempos de epidemias, pandemias o de situaciones de riesgo de contagio.<\/p>\n\n\n\n<p>En su propuesta, la representante del Distrito de Huatusco tambi\u00e9n plantea modificar el nombre de la Ley para la Integraci\u00f3n de las Personas con Discapacidad por el de Ley para la Inclusi\u00f3n de las Personas con Discapacidad del Estado de Veracruz. \u201cEs importante que nuestra ley cambie de nombre para que est\u00e9 acorde al nuevo paradigma de derechos humanos y sean las instituciones y autoridades quienes adapten los ambientes para que las personas con discapacidad sean incluidas con todas las dem\u00e1s personas\u201d.<\/p>\n\n\n\n<p>Asimismo, indica el texto \u201cno podemos seguir con el paradigma de integraci\u00f3n que mandata a la persona a integrarse, a adaptarse, sino generar todas las medidas de accesibilidad para que convivan y se desarrollen con las dem\u00e1s personas sin segregaciones o discriminaci\u00f3n alguna\u201d.<\/p>\n\n\n\n<p>La diputada Lagunes Jauregui expone en su propuesta que para fortalecer al sector salud en sus atribuciones, se plantea reformar el art\u00edculo 11, para establecer que dichas autoridades deber\u00e1n elaborar y difundir informaci\u00f3n al personal de salud a fin de que conozcan las posibles consecuencias sociales y para la salud que una epidemia, pandemia o crisis sanitaria puede acarrear para las personas con discapacidad.<\/p>\n\n\n\n<p>Tambi\u00e9n, prev\u00e9 incorporar medidas que adoptar\u00eda la Secretar\u00eda de Salud (SS) estatal en materia de accesibilidad a servicios m\u00e9dicos, informaci\u00f3n comprensible y adaptable sobre los servicios de salud, atenci\u00f3n a distancia y teleconsultas en todo tiempo y sobre las medidas de contenci\u00f3n y atenci\u00f3n en tiempos de epidemia o pandemia, de conformidad con las recomendaciones de Organismos Internacionales especializados en la materia.<\/p>\n\n\n\n<p>En cuanto a la atenci\u00f3n a las personas con discapacidad, en tiempos de epidemia o pandemia, se propone la adici\u00f3n de un art\u00edculo 14 Bis que se\u00f1ala las medidas especiales que deber\u00e1n tomar las autoridades de salud, como las de: mantenerlas debidamente informadas de las acciones que realizan para la prevenci\u00f3n y autocuidado.<\/p>\n\n\n\n<p>As\u00ed como la obligaci\u00f3n de establecer protocolos de atenci\u00f3n que anticipen situaciones de escases de recursos m\u00e9dicos para garantizarles que cuenten con atenci\u00f3n en salud oportuna y sin discriminaci\u00f3n y se se\u00f1ala la obligaci\u00f3n de que las autoridades de salud se coordinen con las instituciones conducentes para la atenci\u00f3n de las personas con discapacidad que se encuentren privadas de su libertad y las que est\u00e9n en albergues de migrantes , para tomar todas las medidas de control de infecciones en los casos de epidemias.<\/p>\n\n\n\n<p>La diputada del Grupo Legislativo del Partido Acci\u00f3n Nacional (PAN), indic\u00f3 que es necesario que el sector salud prevea acciones especiales en la atenci\u00f3n de la salud, en casos de pandemias, y que las personas con discapacidad gocen de las mismas oportunidades para acceder a su derecho a la salud en las mismas condiciones que las dem\u00e1s personas y sin ning\u00fan tipo de discriminaci\u00f3n.<\/p>\n\n\n\n<p>Para su estudio y dictamen, la iniciativa fue turnada a la Comisi\u00f3n Permanente Unidas de Derechos Humanos y Atenci\u00f3n a Grupos Vulnerables y de Salud y Asistencia.<\/p>\n","protected":false},"excerpt":{"rendered":"<p>La diputada Nora Jessica Lagunes J\u00e1uregui present\u00f3 al Pleno de la LXV Legislatura una iniciativa con proyecto de decreto, la cual tiene como finalidad incorporar atribuciones a las autoridades del sector salud para fortalecer la atenci\u00f3n brindada a personas con discapacidad para que disfruten de este derecho humano en todo tiempo y de manera especial,<a class=\"read-more\" href=\"https:\/\/globalnewsmexico.com\/sitio\/personas-con-discapacidad-deben-recibir-atencion-en-emergencia-sanitaria-nora-lagunes\/\">Leer m\u00e1s<\/a><\/p>\n","protected":false},"author":5,"featured_media":51562,"comment_status":"closed","ping_status":"open","sticky":false,"template":"","format":"standard","meta":{"spay_email":"","footnotes":""},"categories":[37,8,50,52],"tags":[],"jetpack_featured_media_url":"https:\/\/i2.wp.com\/globalnewsmexico.com\/sitio\/wp-content\/uploads\/2020\/07\/2-1.jpg?fit=1024%2C682&ssl=1","jetpack_sharing_enabled":true,"jetpack_shortlink":"https:\/\/wp.me\/p9yqPL-dpu","jetpack_likes_enabled":true,"_links":{"self":[{"href":"https:\/\/globalnewsmexico.com\/sitio\/wp-json\/wp\/v2\/posts\/51552"}],"collection":[{"href":"https:\/\/globalnewsmexico.com\/sitio\/wp-json\/wp\/v2\/posts"}],"about":[{"href":"https:\/\/globalnewsmexico.com\/sitio\/wp-json\/wp\/v2\/types\/post"}],"author":[{"embeddable":true,"href":"https:\/\/globalnewsmexico.com\/sitio\/wp-json\/wp\/v2\/users\/5"}],"replies":[{"embeddable":true,"href":"https:\/\/globalnewsmexico.com\/sitio\/wp-json\/wp\/v2\/comments?post=51552"}],"version-history":[{"count":0,"href":"https:\/\/globalnewsmexico.com\/sitio\/wp-json\/wp\/v2\/posts\/51552\/revisions"}],"wp:featuredmedia":[{"embeddable":true,"href":"https:\/\/globalnewsmexico.com\/sitio\/wp-json\/wp\/v2\/media\/51562"}],"wp:attachment":[{"href":"https:\/\/globalnewsmexico.com\/sitio\/wp-json\/wp\/v2\/media?parent=51552"}],"wp:term":[{"taxonomy":"category","embeddable":true,"href":"https:\/\/globalnewsmexico.com\/sitio\/wp-json\/wp\/v2\/categories?post=51552"},{"taxonomy":"post_tag","embeddable":true,"href":"https:\/\/globalnewsmexico.com\/sitio\/wp-json\/wp\/v2\/tags?post=51552"}],"curies":[{"name":"wp","href":"https:\/\/api.w.org\/{rel}","templated":true}]}}