{"id":51558,"date":"2020-07-30T18:03:48","date_gmt":"2020-07-30T23:03:48","guid":{"rendered":"http:\/\/globalnewsmexico.com\/sitio\/?p=51558"},"modified":"2020-07-30T18:03:50","modified_gmt":"2020-07-30T23:03:50","slug":"anuncia-ebrard-pruebas-de-vacuna-contra-covid-19-en-mexico","status":"publish","type":"post","link":"https:\/\/globalnewsmexico.com\/sitio\/anuncia-ebrard-pruebas-de-vacuna-contra-covid-19-en-mexico\/","title":{"rendered":"Anuncia Ebrard pruebas de vacuna contra Covid-19 en M\u00e9xico"},"content":{"rendered":"\n<p>El secretario de Relaciones Exteriores, Marcelo Ebrard, anunci\u00f3 que M\u00e9xico se sumar\u00e1 al protocolo de desarrollo de una vacuna contra el Covid-19 de la farmac\u00e9utica Sanofi-Pasteur, en su tercera fase.<\/p>\n\n\n\n<p>La participaci\u00f3n de M\u00e9xico implicar\u00e1 la realizaci\u00f3n de pruebas de la vacuna en el pa\u00eds y el acceso temprano a la vacuna ya desarrollada.<\/p>\n\n\n\n<p>En su cuenta de Twitter, Ebrard agradeci\u00f3 a la cooperaci\u00f3n de Francia para lograr este acuerdo.<\/p>\n\n\n\n<p>\u201cSANOFI-PASTEUR anuncia la incorporaci\u00f3n de M\u00e9xico a la fase 3 del protocolo para la vacuna contra Covid-19 que est\u00e1n desarrollando. Se har\u00e1n pruebas en nuestro pa\u00eds y tendremos acceso temprano a la vacuna resultante. Agradec\u00ed el apoyo de Francia para lograrlo. Buena noticia!!\u201d, escribi\u00f3.<\/p>\n\n\n\n<p>Fuente: Xeu Noticias<\/p>\n","protected":false},"excerpt":{"rendered":"<p>El secretario de Relaciones Exteriores, Marcelo Ebrard, anunci\u00f3 que M\u00e9xico se sumar\u00e1 al protocolo de desarrollo de una vacuna contra el Covid-19 de la farmac\u00e9utica Sanofi-Pasteur, en su tercera fase. La participaci\u00f3n de M\u00e9xico implicar\u00e1 la realizaci\u00f3n de pruebas de la vacuna en el pa\u00eds y el acceso temprano a la vacuna ya desarrollada. En<a class=\"read-more\" href=\"https:\/\/globalnewsmexico.com\/sitio\/anuncia-ebrard-pruebas-de-vacuna-contra-covid-19-en-mexico\/\">Leer m\u00e1s<\/a><\/p>\n","protected":false},"author":5,"featured_media":51568,"comment_status":"closed","ping_status":"open","sticky":false,"template":"","format":"standard","meta":{"spay_email":"","footnotes":""},"categories":[37,8,39,52],"tags":[],"jetpack_featured_media_url":"https:\/\/i1.wp.com\/globalnewsmexico.com\/sitio\/wp-content\/uploads\/2020\/07\/VACUNA.jpg?fit=1024%2C682&ssl=1","jetpack_sharing_enabled":true,"jetpack_shortlink":"https:\/\/wp.me\/p9yqPL-dpA","jetpack_likes_enabled":true,"_links":{"self":[{"href":"https:\/\/globalnewsmexico.com\/sitio\/wp-json\/wp\/v2\/posts\/51558"}],"collection":[{"href":"https:\/\/globalnewsmexico.com\/sitio\/wp-json\/wp\/v2\/posts"}],"about":[{"href":"https:\/\/globalnewsmexico.com\/sitio\/wp-json\/wp\/v2\/types\/post"}],"author":[{"embeddable":true,"href":"https:\/\/globalnewsmexico.com\/sitio\/wp-json\/wp\/v2\/users\/5"}],"replies":[{"embeddable":true,"href":"https:\/\/globalnewsmexico.com\/sitio\/wp-json\/wp\/v2\/comments?post=51558"}],"version-history":[{"count":0,"href":"https:\/\/globalnewsmexico.com\/sitio\/wp-json\/wp\/v2\/posts\/51558\/revisions"}],"wp:featuredmedia":[{"embeddable":true,"href":"https:\/\/globalnewsmexico.com\/sitio\/wp-json\/wp\/v2\/media\/51568"}],"wp:attachment":[{"href":"https:\/\/globalnewsmexico.com\/sitio\/wp-json\/wp\/v2\/media?parent=51558"}],"wp:term":[{"taxonomy":"category","embeddable":true,"href":"https:\/\/globalnewsmexico.com\/sitio\/wp-json\/wp\/v2\/categories?post=51558"},{"taxonomy":"post_tag","embeddable":true,"href":"https:\/\/globalnewsmexico.com\/sitio\/wp-json\/wp\/v2\/tags?post=51558"}],"curies":[{"name":"wp","href":"https:\/\/api.w.org\/{rel}","templated":true}]}}