{"id":51593,"date":"2020-07-31T11:55:15","date_gmt":"2020-07-31T16:55:15","guid":{"rendered":"http:\/\/globalnewsmexico.com\/sitio\/?p=51593"},"modified":"2020-07-31T11:55:19","modified_gmt":"2020-07-31T16:55:19","slug":"desconoce-amlo-si-pena-nieto-esta-bajo-custodia-en-espana","status":"publish","type":"post","link":"https:\/\/globalnewsmexico.com\/sitio\/desconoce-amlo-si-pena-nieto-esta-bajo-custodia-en-espana\/","title":{"rendered":"Desconoce AMLO si Pe\u00f1a Nieto est\u00e1 bajo custodia en Espa\u00f1a"},"content":{"rendered":"\n<p>El presidente Andr\u00e9s Manuel L\u00f3pez Obrador dijo que no tiene conocimiento de que la Fiscal\u00eda General de la Rep\u00fablica (FGR) iniciara una investigaci\u00f3n contra el exmandatario Enrique Pe\u00f1a Nieto.<\/p>\n\n\n\n<p>Durante la conferencia de prensa matutina de este viernes, se le cuestion\u00f3 al primer mandatario que de acuerdo con versiones period\u00edsticas, \u201cEnrique Pe\u00f1a Nieto se encuentra bajo custodia policial en Espa\u00f1a. Las autoridades espa\u00f1olas no lo niegan, dicen que no pueden comentar sobre una operaci\u00f3n en activo\u201d.<\/p>\n\n\n\n<p>En el sal\u00f3n Tesorer\u00eda de Palacio Nacional, manifest\u00f3 que no ten\u00eda informaci\u00f3n al respecto.<\/p>\n\n\n\n<p>\u00abNo tengo informaci\u00f3n, y no tengo tampoco conocimiento de que la Fiscal\u00eda haya hecho alguna solicitud en ese sentido\u00bb<\/p>\n\n\n\n<p>Se\u00f1al\u00f3 que ser\u00e1 la Fiscal\u00eda General de la Rep\u00fablica la que informe sobre el tema, ya que no cuenta con elementos ni conoce de ning\u00fan procedimiento de vigilancia o de seguimiento al expresidente Pe\u00f1a.<\/p>\n\n\n\n<p>Marcelo Ebrard Casaubon, secretario de Relaciones Exteriores, coment\u00f3 que corresponde a la FGR informar sobre el tema.<\/p>\n\n\n\n<p>\u201cNo tenemos informaci\u00f3n de que sea veraz ese dato que usted nos est\u00e1 dando, en este momento no tenemos ese dato\u201d, expres\u00f3.<\/p>\n\n\n\n<p>Fuente: Reporte \u00cdndigo<\/p>\n","protected":false},"excerpt":{"rendered":"<p>El presidente Andr\u00e9s Manuel L\u00f3pez Obrador dijo que no tiene conocimiento de que la Fiscal\u00eda General de la Rep\u00fablica (FGR) iniciara una investigaci\u00f3n contra el exmandatario Enrique Pe\u00f1a Nieto. Durante la conferencia de prensa matutina de este viernes, se le cuestion\u00f3 al primer mandatario que de acuerdo con versiones period\u00edsticas, \u201cEnrique Pe\u00f1a Nieto se encuentra<a class=\"read-more\" href=\"https:\/\/globalnewsmexico.com\/sitio\/desconoce-amlo-si-pena-nieto-esta-bajo-custodia-en-espana\/\">Leer m\u00e1s<\/a><\/p>\n","protected":false},"author":5,"featured_media":51594,"comment_status":"closed","ping_status":"open","sticky":false,"template":"","format":"standard","meta":{"spay_email":"","footnotes":""},"categories":[37,8,40,52],"tags":[],"jetpack_featured_media_url":"https:\/\/i1.wp.com\/globalnewsmexico.com\/sitio\/wp-content\/uploads\/2020\/07\/Captura-9.jpg?fit=1040%2C665&ssl=1","jetpack_sharing_enabled":true,"jetpack_shortlink":"https:\/\/wp.me\/p9yqPL-dq9","jetpack_likes_enabled":true,"_links":{"self":[{"href":"https:\/\/globalnewsmexico.com\/sitio\/wp-json\/wp\/v2\/posts\/51593"}],"collection":[{"href":"https:\/\/globalnewsmexico.com\/sitio\/wp-json\/wp\/v2\/posts"}],"about":[{"href":"https:\/\/globalnewsmexico.com\/sitio\/wp-json\/wp\/v2\/types\/post"}],"author":[{"embeddable":true,"href":"https:\/\/globalnewsmexico.com\/sitio\/wp-json\/wp\/v2\/users\/5"}],"replies":[{"embeddable":true,"href":"https:\/\/globalnewsmexico.com\/sitio\/wp-json\/wp\/v2\/comments?post=51593"}],"version-history":[{"count":0,"href":"https:\/\/globalnewsmexico.com\/sitio\/wp-json\/wp\/v2\/posts\/51593\/revisions"}],"wp:featuredmedia":[{"embeddable":true,"href":"https:\/\/globalnewsmexico.com\/sitio\/wp-json\/wp\/v2\/media\/51594"}],"wp:attachment":[{"href":"https:\/\/globalnewsmexico.com\/sitio\/wp-json\/wp\/v2\/media?parent=51593"}],"wp:term":[{"taxonomy":"category","embeddable":true,"href":"https:\/\/globalnewsmexico.com\/sitio\/wp-json\/wp\/v2\/categories?post=51593"},{"taxonomy":"post_tag","embeddable":true,"href":"https:\/\/globalnewsmexico.com\/sitio\/wp-json\/wp\/v2\/tags?post=51593"}],"curies":[{"name":"wp","href":"https:\/\/api.w.org\/{rel}","templated":true}]}}