{"id":51689,"date":"2020-08-03T10:55:14","date_gmt":"2020-08-03T15:55:14","guid":{"rendered":"http:\/\/globalnewsmexico.com\/sitio\/?p=51689"},"modified":"2020-08-03T10:55:17","modified_gmt":"2020-08-03T15:55:17","slug":"papa-emerito-benedicto-xvi-se-encuentra-gravemente-enfermo","status":"publish","type":"post","link":"https:\/\/globalnewsmexico.com\/sitio\/papa-emerito-benedicto-xvi-se-encuentra-gravemente-enfermo\/","title":{"rendered":"Papa em\u00e9rito Benedicto XVI se encuentra gravemente enfermo"},"content":{"rendered":"\n<p>A sus 93 a\u00f1os de edad, la salud del papa em\u00e9rito\u00a0Benedicto XVI\u00a0se reporta grave, debido a que sufre una enfermedad infecciosa en el rostro, por lo que su salud es \u201cextremadamente fr\u00e1gil\u201d, aseguro un art\u00edculo publicado este domingo por el diario regional alem\u00e1n\u00a0Passauer Neue Presse, medio que cita al bi\u00f3grafo oficial del papa,\u00a0Peter Seewald.<\/p>\n\n\n\n<p>Benedicto XVI se encuentra\u00a0gravemente enfermo\u00a0debido a una dolorosa infecci\u00f3n que le est\u00e1 atacando especialmente la piel del rostro.<\/p>\n\n\n\n<p>Seg\u00fan Seewald,\u00a0quien el s\u00e1bado pasado entreg\u00f3 a Joseph Ratzinger su biograf\u00eda, dicha enfermedad ser\u00eda un\u00a0herpes z\u00f3ster, una patolog\u00eda que provoca fiebre y picor, por lo que los m\u00e9dicos de\u00a0Benedicto XVI\u00a0estar\u00edan combatiendo con una importante dosis de antibi\u00f3ticos.<\/p>\n\n\n\n<p>Asimismo, el bi\u00f3grafo se\u00f1al\u00f3 que el papa em\u00e9rito se encuentra de momento extremadamente fr\u00e1gil (\u2026) y su capacidad intelectual, as\u00ed como la memoria, no se han visto afectadas, pero su voz apenas es audible\u201d.<\/p>\n\n\n\n<p>\u201cDurante este encuentro, el papa em\u00e9rito, a pesar de la enfermedad, se mostr\u00f3 optimista y dijo que si tiene m\u00e1s fuerza, quiz\u00e1 retome la pluma\u201d, agreg\u00f3 el escritor.<\/p>\n\n\n\n<p>Fuente: El Heraldo de M\u00e9xico<\/p>\n","protected":false},"excerpt":{"rendered":"<p>A sus 93 a\u00f1os de edad, la salud del papa em\u00e9rito\u00a0Benedicto XVI\u00a0se reporta grave, debido a que sufre una enfermedad infecciosa en el rostro, por lo que su salud es \u201cextremadamente fr\u00e1gil\u201d, aseguro un art\u00edculo publicado este domingo por el diario regional alem\u00e1n\u00a0Passauer Neue Presse, medio que cita al bi\u00f3grafo oficial del papa,\u00a0Peter Seewald. Benedicto<a class=\"read-more\" href=\"https:\/\/globalnewsmexico.com\/sitio\/papa-emerito-benedicto-xvi-se-encuentra-gravemente-enfermo\/\">Leer m\u00e1s<\/a><\/p>\n","protected":false},"author":5,"featured_media":51690,"comment_status":"closed","ping_status":"open","sticky":false,"template":"","format":"standard","meta":{"spay_email":"","footnotes":""},"categories":[37,8,48,52],"tags":[],"jetpack_featured_media_url":"https:\/\/i2.wp.com\/globalnewsmexico.com\/sitio\/wp-content\/uploads\/2020\/08\/papa_benedicto_XVI-enfermo-640x400-1.jpg?fit=1040%2C650&ssl=1","jetpack_sharing_enabled":true,"jetpack_shortlink":"https:\/\/wp.me\/p9yqPL-drH","jetpack_likes_enabled":true,"_links":{"self":[{"href":"https:\/\/globalnewsmexico.com\/sitio\/wp-json\/wp\/v2\/posts\/51689"}],"collection":[{"href":"https:\/\/globalnewsmexico.com\/sitio\/wp-json\/wp\/v2\/posts"}],"about":[{"href":"https:\/\/globalnewsmexico.com\/sitio\/wp-json\/wp\/v2\/types\/post"}],"author":[{"embeddable":true,"href":"https:\/\/globalnewsmexico.com\/sitio\/wp-json\/wp\/v2\/users\/5"}],"replies":[{"embeddable":true,"href":"https:\/\/globalnewsmexico.com\/sitio\/wp-json\/wp\/v2\/comments?post=51689"}],"version-history":[{"count":0,"href":"https:\/\/globalnewsmexico.com\/sitio\/wp-json\/wp\/v2\/posts\/51689\/revisions"}],"wp:featuredmedia":[{"embeddable":true,"href":"https:\/\/globalnewsmexico.com\/sitio\/wp-json\/wp\/v2\/media\/51690"}],"wp:attachment":[{"href":"https:\/\/globalnewsmexico.com\/sitio\/wp-json\/wp\/v2\/media?parent=51689"}],"wp:term":[{"taxonomy":"category","embeddable":true,"href":"https:\/\/globalnewsmexico.com\/sitio\/wp-json\/wp\/v2\/categories?post=51689"},{"taxonomy":"post_tag","embeddable":true,"href":"https:\/\/globalnewsmexico.com\/sitio\/wp-json\/wp\/v2\/tags?post=51689"}],"curies":[{"name":"wp","href":"https:\/\/api.w.org\/{rel}","templated":true}]}}