{"id":51703,"date":"2020-08-03T13:08:16","date_gmt":"2020-08-03T18:08:16","guid":{"rendered":"http:\/\/globalnewsmexico.com\/sitio\/?p=51703"},"modified":"2020-08-03T13:08:21","modified_gmt":"2020-08-03T18:08:21","slug":"hospitalizan-a-tres-sacerdotes-de-xalapa-por-covid-19","status":"publish","type":"post","link":"https:\/\/globalnewsmexico.com\/sitio\/hospitalizan-a-tres-sacerdotes-de-xalapa-por-covid-19\/","title":{"rendered":"Hospitalizan a tres sacerdotes de Xalapa por Covid-19"},"content":{"rendered":"\n<p>Tres sacerdotes\u00a0de Xalapa, Veracruz, est\u00e1n hospitalizados desde hace varios d\u00edas en el Centro de Alta Especialidad &#8216;Dr. Rafael Lucio&#8217; por haber dado positivo a Covid-19, inform\u00f3 el vocero de la Arquidi\u00f3cesis, Jos\u00e9 Manuel Suazo Reyes.<\/p>\n\n\n\n<p>En entrevista con\u00a0XEU, indic\u00f3 que se trata de Gilberto Su\u00e1rez Rebolledo, Gabriel Maga\u00f1a y Miguel \u00c1ngel Ord\u00f3\u00f1ez; los dos \u00faltimos son adultos mayores.<\/p>\n\n\n\n<p>\u00abSeg\u00fan los reportes m\u00e9dicos que nos han comentado, es que gracias a Dios se encuentran estables y van evolucionando positivamente, incluso se habla de que probablemente a uno de ellos lo den de alta\u00bb, dijo.<\/p>\n\n\n\n<p>El padre Gilberto Su\u00e1rez es vicario general y p\u00e1rroco de la\u00a0Bas\u00edlica\u00a0de Nuestra Se\u00f1ora de\u00a0Guadalupe\u00a0en la ciudad de Xalapa; los otros dos por su edad est\u00e1n retirados y solo realizan labores en Rector\u00eda.<\/p>\n\n\n\n<p>\u00abEs muy complicado\u00bb saber de qu\u00e9 forma se contagiaron, \u00absimplemente empezaron a sentir algunos s\u00edntomas, se les atendi\u00f3 y fue como se dieron cuenta de que estaban contagiados\u00bb.<\/p>\n\n\n\n<p>Record\u00f3 que las iglesias de la Arquidi\u00f3cesis de Xalapa est\u00e1n abiertas, pero se hacen celebraciones con muy pocos feligreses tomando en cuenta las medidas sanitarias.<\/p>\n\n\n\n<p>Fuente: Xeu Noticias<\/p>\n","protected":false},"excerpt":{"rendered":"<p>Tres sacerdotes\u00a0de Xalapa, Veracruz, est\u00e1n hospitalizados desde hace varios d\u00edas en el Centro de Alta Especialidad &#8216;Dr. Rafael Lucio&#8217; por haber dado positivo a Covid-19, inform\u00f3 el vocero de la Arquidi\u00f3cesis, Jos\u00e9 Manuel Suazo Reyes. En entrevista con\u00a0XEU, indic\u00f3 que se trata de Gilberto Su\u00e1rez Rebolledo, Gabriel Maga\u00f1a y Miguel \u00c1ngel Ord\u00f3\u00f1ez; los dos \u00faltimos<a class=\"read-more\" href=\"https:\/\/globalnewsmexico.com\/sitio\/hospitalizan-a-tres-sacerdotes-de-xalapa-por-covid-19\/\">Leer m\u00e1s<\/a><\/p>\n","protected":false},"author":5,"featured_media":51704,"comment_status":"closed","ping_status":"open","sticky":false,"template":"","format":"standard","meta":{"spay_email":"","footnotes":""},"categories":[37,8,50,52],"tags":[],"jetpack_featured_media_url":"https:\/\/i1.wp.com\/globalnewsmexico.com\/sitio\/wp-content\/uploads\/2020\/08\/1114441.jpg?fit=1024%2C683&ssl=1","jetpack_sharing_enabled":true,"jetpack_shortlink":"https:\/\/wp.me\/p9yqPL-drV","jetpack_likes_enabled":true,"_links":{"self":[{"href":"https:\/\/globalnewsmexico.com\/sitio\/wp-json\/wp\/v2\/posts\/51703"}],"collection":[{"href":"https:\/\/globalnewsmexico.com\/sitio\/wp-json\/wp\/v2\/posts"}],"about":[{"href":"https:\/\/globalnewsmexico.com\/sitio\/wp-json\/wp\/v2\/types\/post"}],"author":[{"embeddable":true,"href":"https:\/\/globalnewsmexico.com\/sitio\/wp-json\/wp\/v2\/users\/5"}],"replies":[{"embeddable":true,"href":"https:\/\/globalnewsmexico.com\/sitio\/wp-json\/wp\/v2\/comments?post=51703"}],"version-history":[{"count":0,"href":"https:\/\/globalnewsmexico.com\/sitio\/wp-json\/wp\/v2\/posts\/51703\/revisions"}],"wp:featuredmedia":[{"embeddable":true,"href":"https:\/\/globalnewsmexico.com\/sitio\/wp-json\/wp\/v2\/media\/51704"}],"wp:attachment":[{"href":"https:\/\/globalnewsmexico.com\/sitio\/wp-json\/wp\/v2\/media?parent=51703"}],"wp:term":[{"taxonomy":"category","embeddable":true,"href":"https:\/\/globalnewsmexico.com\/sitio\/wp-json\/wp\/v2\/categories?post=51703"},{"taxonomy":"post_tag","embeddable":true,"href":"https:\/\/globalnewsmexico.com\/sitio\/wp-json\/wp\/v2\/tags?post=51703"}],"curies":[{"name":"wp","href":"https:\/\/api.w.org\/{rel}","templated":true}]}}