{"id":51744,"date":"2020-08-04T09:48:30","date_gmt":"2020-08-04T14:48:30","guid":{"rendered":"http:\/\/globalnewsmexico.com\/sitio\/?p=51744"},"modified":"2020-08-04T09:48:33","modified_gmt":"2020-08-04T14:48:33","slug":"que-autoridades-judiciales-apliquen-la-ley-amlo-tras-detencion-de-el-marro","status":"publish","type":"post","link":"https:\/\/globalnewsmexico.com\/sitio\/que-autoridades-judiciales-apliquen-la-ley-amlo-tras-detencion-de-el-marro\/","title":{"rendered":"Que autoridades judiciales apliquen la ley: AMLO tras detenci\u00f3n de &#8216;El Marro&#8217;"},"content":{"rendered":"\n<p>El\u00a0 presidente Andr\u00e9s Manuel L\u00f3pez Obrador pidi\u00f3 este martes a las autoridades judiciales estatales y federales actuar con rectitud e integridad, y que se aplique la ley tras la detenci\u00f3n de &#8216;El Marro&#8217;, l\u00edder delincuencial.<\/p>\n\n\n\n<p>En conferencia de prensa ma\u00f1anera desde Nayarit, el mandatario dijo:<\/p>\n\n\n\n<p>\u00abS\u00ed\u00a0creo que es importante el que las autoridades judiciales act\u00faen con rectitud, con integridad, que se aplique la ley, tanto autoridades judiciales estatales como federales para que no haya impunidad. Porque todo esto que estamos padeciendo en M\u00e9xico, tiene mucho que ver con la\u00a0 impunidad\u00bb.<\/p>\n\n\n\n<p>Fue cuestionado sobre si se espera alguna reacci\u00f3n por parte de la delincuencia luego de la detenci\u00f3n&nbsp; de &#8216;El Marro&#8217;, el presidente&nbsp;respondi\u00f3:<\/p>\n\n\n\n<p>\u00abHemos estado pendientes, hoy Durazo informa que en Guanajuato no ha habido problemas mayores sigue habiendo homicidios por la descomposici\u00f3n que se ha presentado desde hace algunos a\u00f1os, pero no relacionados con este caso\u00bb.<\/p>\n\n\n\n<p>Fuente: Xeu Noticias<\/p>\n","protected":false},"excerpt":{"rendered":"<p>El\u00a0 presidente Andr\u00e9s Manuel L\u00f3pez Obrador pidi\u00f3 este martes a las autoridades judiciales estatales y federales actuar con rectitud e integridad, y que se aplique la ley tras la detenci\u00f3n de &#8216;El Marro&#8217;, l\u00edder delincuencial. En conferencia de prensa ma\u00f1anera desde Nayarit, el mandatario dijo: \u00abS\u00ed\u00a0creo que es importante el que las autoridades judiciales act\u00faen<a class=\"read-more\" href=\"https:\/\/globalnewsmexico.com\/sitio\/que-autoridades-judiciales-apliquen-la-ley-amlo-tras-detencion-de-el-marro\/\">Leer m\u00e1s<\/a><\/p>\n","protected":false},"author":5,"featured_media":51745,"comment_status":"closed","ping_status":"open","sticky":false,"template":"","format":"standard","meta":{"spay_email":"","footnotes":""},"categories":[37,8,40,52],"tags":[],"jetpack_featured_media_url":"https:\/\/i0.wp.com\/globalnewsmexico.com\/sitio\/wp-content\/uploads\/2020\/08\/1114591.jpg?fit=1024%2C657&ssl=1","jetpack_sharing_enabled":true,"jetpack_shortlink":"https:\/\/wp.me\/p9yqPL-dsA","jetpack_likes_enabled":true,"_links":{"self":[{"href":"https:\/\/globalnewsmexico.com\/sitio\/wp-json\/wp\/v2\/posts\/51744"}],"collection":[{"href":"https:\/\/globalnewsmexico.com\/sitio\/wp-json\/wp\/v2\/posts"}],"about":[{"href":"https:\/\/globalnewsmexico.com\/sitio\/wp-json\/wp\/v2\/types\/post"}],"author":[{"embeddable":true,"href":"https:\/\/globalnewsmexico.com\/sitio\/wp-json\/wp\/v2\/users\/5"}],"replies":[{"embeddable":true,"href":"https:\/\/globalnewsmexico.com\/sitio\/wp-json\/wp\/v2\/comments?post=51744"}],"version-history":[{"count":0,"href":"https:\/\/globalnewsmexico.com\/sitio\/wp-json\/wp\/v2\/posts\/51744\/revisions"}],"wp:featuredmedia":[{"embeddable":true,"href":"https:\/\/globalnewsmexico.com\/sitio\/wp-json\/wp\/v2\/media\/51745"}],"wp:attachment":[{"href":"https:\/\/globalnewsmexico.com\/sitio\/wp-json\/wp\/v2\/media?parent=51744"}],"wp:term":[{"taxonomy":"category","embeddable":true,"href":"https:\/\/globalnewsmexico.com\/sitio\/wp-json\/wp\/v2\/categories?post=51744"},{"taxonomy":"post_tag","embeddable":true,"href":"https:\/\/globalnewsmexico.com\/sitio\/wp-json\/wp\/v2\/tags?post=51744"}],"curies":[{"name":"wp","href":"https:\/\/api.w.org\/{rel}","templated":true}]}}