{"id":51746,"date":"2020-08-04T09:56:38","date_gmt":"2020-08-04T14:56:38","guid":{"rendered":"http:\/\/globalnewsmexico.com\/sitio\/?p=51746"},"modified":"2020-08-04T09:56:42","modified_gmt":"2020-08-04T14:56:42","slug":"se-requirieron-15-minutos-para-la-detencion-de-el-marro-sedena","status":"publish","type":"post","link":"https:\/\/globalnewsmexico.com\/sitio\/se-requirieron-15-minutos-para-la-detencion-de-el-marro-sedena\/","title":{"rendered":"Se requirieron 15 minutos para la detenci\u00f3n de \u2018El Marro\u2019: Sedena"},"content":{"rendered":"\n<p>El general secretario de la Defensa Nacional,\u00a0Luis Cresencio Sandoval, detall\u00f3 el operativo en el que se detuvo al l\u00edder del C\u00e1rtel de Santa Rosa de Lima, Jos\u00e9 Antonio Y\u00e9pez Ortiz, alias \u2018El Marro\u2019<\/p>\n\n\n\n<p>Explic\u00f3 que la inteligencia militar y el operativo conjunto para la ejecuci\u00f3n de las \u00f3rdenes de cateo, fueron claves para la detenci\u00f3n del presunto delincuente.<\/p>\n\n\n\n<p>\u201cSe decidi\u00f3 intervenir los cuatro domicilios de los que ten\u00edamos informaci\u00f3n de este l\u00edder, tras obtener las \u00f3rdenes de cateo.\u00a0Participaron 120 elementos de las fuerzas especiales, dos helic\u00f3pteros de las Fuerzas Armadas\u201c, enlist\u00f3.<\/p>\n\n\n\n<p>Sandoval inform\u00f3 que se requirieron 15 minutos para la detenci\u00f3n de &#8216;El Marro&#8217; y un total de 4 horas del operativo en el que participaron m\u00e1s de mil hombres.<\/p>\n\n\n\n<p>En la acci\u00f3n desplegada hubo nueve detenidos y se rescat\u00f3 a una empresaria secuestrada.<\/p>\n\n\n\n<p>El secretario de la Defensa asegur\u00f3 que hubo\u00a0vigilancia con drones, 120 elementos de Fuerzas Especiales, 120 elementos m\u00e1s de las tropas jurisdiccionales y 20 elementos de Grupo de Respuesta a Emergencias; dos helic\u00f3pteros y cuatro c\u00e9lulas estatales en el operativo para detener a \u2018El Marro\u2019.<\/p>\n\n\n\n<p>Las autoridades mexicanas trasladaron al Y\u00e9pez Ortiz al penal de Puentecillas, en el c\u00e9ntrico estado de Guanajuato, donde fue capturado el pasado domingo en el mayor golpe del Gobierno de Andr\u00e9s Manuel L\u00f3pez Obrador al narcotr\u00e1fico.<\/p>\n\n\n\n<p>Seg\u00fan informaron medios locales, &#8216;El Marro&#8217; fue trasladado la noche del lunes en medio de un gran operativo policial desde la sede de la Fiscal\u00eda General del Estado de Guanajuato hasta el penal, donde esperar\u00e1 hasta comparecer ante el juez.<\/p>\n\n\n\n<p>Fuente: Forbes M\u00e9xico<\/p>\n","protected":false},"excerpt":{"rendered":"<p>El general secretario de la Defensa Nacional,\u00a0Luis Cresencio Sandoval, detall\u00f3 el operativo en el que se detuvo al l\u00edder del C\u00e1rtel de Santa Rosa de Lima, Jos\u00e9 Antonio Y\u00e9pez Ortiz, alias \u2018El Marro\u2019 Explic\u00f3 que la inteligencia militar y el operativo conjunto para la ejecuci\u00f3n de las \u00f3rdenes de cateo, fueron claves para la detenci\u00f3n<a class=\"read-more\" href=\"https:\/\/globalnewsmexico.com\/sitio\/se-requirieron-15-minutos-para-la-detencion-de-el-marro-sedena\/\">Leer m\u00e1s<\/a><\/p>\n","protected":false},"author":5,"featured_media":51747,"comment_status":"closed","ping_status":"open","sticky":false,"template":"","format":"standard","meta":{"spay_email":"","footnotes":""},"categories":[37,8,39,52],"tags":[],"jetpack_featured_media_url":"https:\/\/i1.wp.com\/globalnewsmexico.com\/sitio\/wp-content\/uploads\/2020\/08\/El-marro-640x360-1.jpg?fit=1040%2C585&ssl=1","jetpack_sharing_enabled":true,"jetpack_shortlink":"https:\/\/wp.me\/p9yqPL-dsC","jetpack_likes_enabled":true,"_links":{"self":[{"href":"https:\/\/globalnewsmexico.com\/sitio\/wp-json\/wp\/v2\/posts\/51746"}],"collection":[{"href":"https:\/\/globalnewsmexico.com\/sitio\/wp-json\/wp\/v2\/posts"}],"about":[{"href":"https:\/\/globalnewsmexico.com\/sitio\/wp-json\/wp\/v2\/types\/post"}],"author":[{"embeddable":true,"href":"https:\/\/globalnewsmexico.com\/sitio\/wp-json\/wp\/v2\/users\/5"}],"replies":[{"embeddable":true,"href":"https:\/\/globalnewsmexico.com\/sitio\/wp-json\/wp\/v2\/comments?post=51746"}],"version-history":[{"count":0,"href":"https:\/\/globalnewsmexico.com\/sitio\/wp-json\/wp\/v2\/posts\/51746\/revisions"}],"wp:featuredmedia":[{"embeddable":true,"href":"https:\/\/globalnewsmexico.com\/sitio\/wp-json\/wp\/v2\/media\/51747"}],"wp:attachment":[{"href":"https:\/\/globalnewsmexico.com\/sitio\/wp-json\/wp\/v2\/media?parent=51746"}],"wp:term":[{"taxonomy":"category","embeddable":true,"href":"https:\/\/globalnewsmexico.com\/sitio\/wp-json\/wp\/v2\/categories?post=51746"},{"taxonomy":"post_tag","embeddable":true,"href":"https:\/\/globalnewsmexico.com\/sitio\/wp-json\/wp\/v2\/tags?post=51746"}],"curies":[{"name":"wp","href":"https:\/\/api.w.org\/{rel}","templated":true}]}}