{"id":51751,"date":"2020-08-04T10:40:27","date_gmt":"2020-08-04T15:40:27","guid":{"rendered":"http:\/\/globalnewsmexico.com\/sitio\/?p=51751"},"modified":"2020-08-04T10:40:32","modified_gmt":"2020-08-04T15:40:32","slug":"20-meses-del-gobierno-de-amlo-10-crisis","status":"publish","type":"post","link":"https:\/\/globalnewsmexico.com\/sitio\/20-meses-del-gobierno-de-amlo-10-crisis\/","title":{"rendered":"20 meses del gobierno de AMLO, 10 crisis"},"content":{"rendered":"\n<p>El pasado 31 de julio se cumplieron 20 meses de gobierno del presidente Andr\u00e9s Manuel L\u00f3pez Obrador en M\u00e9xico, y algunas situaciones han llegado a significarle crisis, ya sea por la p\u00e9rdida de popularidad, por el retroceso de variables reales o por los problemas al interior de su gobierno. Estas son las 10 principales crisis que ha enfrentado en sus primeros 20 meses.<\/p>\n\n\n\n<p>1.\u00a0<strong>Desabasto de Gasolina<\/strong>. A finales de 2018, antes de cumplir el mes, declara la\u00a0guerra al huachicoleo\u00a0y el pa\u00eds sufre durante\u00a0casi un mes desabasto de combustible\u00a0en m\u00e1s de la mitad del territorio. Y en medio de esta crisis, la explosi\u00f3n de un ducto en Hidalgo provoca muertos que a\u00fan se recuerdan con tristeza.<\/p>\n\n\n\n<p>2.\u00a0<strong>Desabasto en hospitales<\/strong>. Este no es un tema de 2020, ya desde el a\u00f1o pasado el sistema de salud mostr\u00f3 las debilidades, edificios sin terminar, mal equipados y adem\u00e1s se\u00a0gener\u00f3 un desabasto de medicamentos. El fracaso del arranque del Instituto de Salud para el Bienestar (Insabi)\u00a0era previsible.<\/p>\n\n\n\n<p>3.\u00a0<strong>Caravanas migrantes<\/strong>.\u00a0Desde finales de 2018 en el sexenio anterior se inici\u00f3 un movimiento migratorio que organizaba a centroamericanos (y de otros pa\u00edses) para atravesar con mayor seguridad M\u00e9xico, esto gener\u00f3 oleadas de ciudadanos llegando a la frontera esperando pasar a Estados Unidos\u00a0y la reacci\u00f3n del presidente estadounidense Donald Trump amenazando con poner aranceles crecientes a los productos mexicanos, el presidente L\u00f3pez Obrador llam\u00f3 a la unidad, pero antes de un evento en Tijuana todo se solucion\u00f3 cuando\u00a0M\u00e9xico acept\u00f3 \u201cparar\u201d la migraci\u00f3n\u00a0utilizando para ello a la guardia nacional, lo que fue criticado como una sumisi\u00f3n a los deseos de Trump.<\/p>\n\n\n\n<p>4.\u00a0<strong>Renuncia de funcionarios<\/strong>. Han renunciado muchos pero de ellos son dos los que han llamado m\u00e1s la atenci\u00f3n: Germ\u00e1n Mart\u00ednez\u00a0al Instituto Mexicano del Seguro Social (IMSS), acusando de que no se estaban haciendo las cosas bien;\u00a0Carlos\u00a0Urz\u00faa\u00a0a la Secretar\u00eda de Hacienda y Cr\u00e9dito P\u00fablico,\u00a0con una carta muy fuerte\u00a0acusando de conflicto de intereses, decisiones sin sustento y funcionarios sin capacidad. Esta crisis no creci\u00f3 por la reacci\u00f3n r\u00e1pida del presidente de nombrar a un secretario de hacienda nuevo con alta credibilidad.<\/p>\n\n\n\n<p>5.\u00a0<strong>Bajas en la calificaci\u00f3n de la deuda<\/strong>. Este es un tema que al presidente le molesta,\u00a0se ha peleado con las calificadoras, las ha llamado neoliberales, pero sabe que las requiere porque de ellas depende la tasa de inter\u00e9s que cobran y, por ende, los recursos destinados a pagar la deuda que ir\u00edan en detrimento de los fondos para sus programas sociales; cada vez que hay un descenso de la calificaci\u00f3n a la deuda de Petr\u00f3leos Mexicanos (Pemex) o de la Comisi\u00f3n Federal de Electricidad (CFE) al presidente se le ve molesto, esta crisis no se ha solucionado, es una crisis en proceso.<\/p>\n\n\n\n<p>6.\u00a0<strong>Ovidio Guzm\u00e1n<\/strong>. Este tema lo va a perseguir incluso cuando deje el poder, la escena de una persona detenida o retenida que logra su liberaci\u00f3n \u201cchantajeando al Gobierno\u201d es penosa, y no por la decisi\u00f3n en s\u00ed que coincido que fue la mejor en ese momento, sino por haber llegado a ese momento precisamente,\u00a0evidenci\u00f3 falta de planeaci\u00f3n, desconocimiento del terreno, subestimaron al adversario, etc\u00e9tera. Una crisis pasada, pero que lo seguir\u00e1.<\/p>\n\n\n\n<p>7.\u00a0<strong>Padres de ni\u00f1os con c\u00e1ncer<\/strong>.\u00a0El presidente ha tenido facilidad para enfrentar a sus adversarios pol\u00edticos, pero dificultad para atender a v\u00edctimas reales como son los padres de ni\u00f1os con c\u00e1ncer, que se han manifestado desde 2019 por la falta de medicamentos o de atenci\u00f3n m\u00e9dica; a estos grupos no se les puede acusar ni etiquetar como adversarios, sino que pelean por causas reales y justas. Recientemente se abri\u00f3 la posibilidad de que la situaci\u00f3n mejore con la nueva ley de adquisiciones, pero el hecho de\u00a0no haberlos atendido ni hacer empat\u00eda\u00a0con ellos ah\u00ed queda.<\/p>\n\n\n\n<p>8.\u00a0<strong>El feminismo<\/strong>. Otro grupo con el que\u00a0ha sido incapaz de hacer empat\u00eda es con el de las feministas, y no porque no haya luchado en su momento con muchas feministas para lograr modificar leyes, sino porque el feminismo hoy ya cambi\u00f3, porque las\u00a0feministas hoy son activistas, luchadoras y no les basta que haya leyes e instituciones, quieren resultados y de nuevo sus peleas son justas. Este tema tambi\u00e9n est\u00e1 en proceso, el Presidente\u00a0no ha encontrado la forma de enfrentarlas con \u00e9xito\u00a0para ambos.<\/p>\n\n\n\n<p>9.\u00a0<strong>La inseguridad<\/strong>.\u00a0Todo su gobierno ha estado pintado de cifras negativas; recibi\u00f3 un pa\u00eds muy mal y su logro ha sido \u201cmantenerlo mal\u201d usando la maroma ret\u00f3rica de \u201cparamos la tasa de crecimiento\u201d o \u201ccambi\u00f3 el punto de inflexi\u00f3n\u201d.<\/p>\n\n\n\n<p>10. <strong>El Covid-19<\/strong>. Miles de muertos, adem\u00e1s de una\u00a0ca\u00edda econ\u00f3mica, desempleo y pobreza, negocios cerrados.<\/p>\n\n\n\n<p>Fuente: El Economista<\/p>\n","protected":false},"excerpt":{"rendered":"<p>El pasado 31 de julio se cumplieron 20 meses de gobierno del presidente Andr\u00e9s Manuel L\u00f3pez Obrador en M\u00e9xico, y algunas situaciones han llegado a significarle crisis, ya sea por la p\u00e9rdida de popularidad, por el retroceso de variables reales o por los problemas al interior de su gobierno. Estas son las 10 principales crisis<a class=\"read-more\" href=\"https:\/\/globalnewsmexico.com\/sitio\/20-meses-del-gobierno-de-amlo-10-crisis\/\">Leer m\u00e1s<\/a><\/p>\n","protected":false},"author":5,"featured_media":51752,"comment_status":"closed","ping_status":"open","sticky":false,"template":"","format":"standard","meta":{"spay_email":"","footnotes":""},"categories":[37,8,39,52],"tags":[],"jetpack_featured_media_url":"https:\/\/i2.wp.com\/globalnewsmexico.com\/sitio\/wp-content\/uploads\/2020\/08\/guadalajara_02.jpg_1026485750.jpg?fit=1040%2C584&ssl=1","jetpack_sharing_enabled":true,"jetpack_shortlink":"https:\/\/wp.me\/p9yqPL-dsH","jetpack_likes_enabled":true,"_links":{"self":[{"href":"https:\/\/globalnewsmexico.com\/sitio\/wp-json\/wp\/v2\/posts\/51751"}],"collection":[{"href":"https:\/\/globalnewsmexico.com\/sitio\/wp-json\/wp\/v2\/posts"}],"about":[{"href":"https:\/\/globalnewsmexico.com\/sitio\/wp-json\/wp\/v2\/types\/post"}],"author":[{"embeddable":true,"href":"https:\/\/globalnewsmexico.com\/sitio\/wp-json\/wp\/v2\/users\/5"}],"replies":[{"embeddable":true,"href":"https:\/\/globalnewsmexico.com\/sitio\/wp-json\/wp\/v2\/comments?post=51751"}],"version-history":[{"count":0,"href":"https:\/\/globalnewsmexico.com\/sitio\/wp-json\/wp\/v2\/posts\/51751\/revisions"}],"wp:featuredmedia":[{"embeddable":true,"href":"https:\/\/globalnewsmexico.com\/sitio\/wp-json\/wp\/v2\/media\/51752"}],"wp:attachment":[{"href":"https:\/\/globalnewsmexico.com\/sitio\/wp-json\/wp\/v2\/media?parent=51751"}],"wp:term":[{"taxonomy":"category","embeddable":true,"href":"https:\/\/globalnewsmexico.com\/sitio\/wp-json\/wp\/v2\/categories?post=51751"},{"taxonomy":"post_tag","embeddable":true,"href":"https:\/\/globalnewsmexico.com\/sitio\/wp-json\/wp\/v2\/tags?post=51751"}],"curies":[{"name":"wp","href":"https:\/\/api.w.org\/{rel}","templated":true}]}}