{"id":51781,"date":"2020-08-04T15:18:08","date_gmt":"2020-08-04T20:18:08","guid":{"rendered":"http:\/\/globalnewsmexico.com\/sitio\/?p=51781"},"modified":"2020-08-04T15:18:12","modified_gmt":"2020-08-04T20:18:12","slug":"fabiola-alanis-rinde-protesta-como-titular-de-conavim","status":"publish","type":"post","link":"https:\/\/globalnewsmexico.com\/sitio\/fabiola-alanis-rinde-protesta-como-titular-de-conavim\/","title":{"rendered":"Fabiola Alan\u00eds rinde protesta como titular de Conavim"},"content":{"rendered":"\n<p>La secretaria de Gobernaci\u00f3n, Olga S\u00e1nchez Cordero, tom\u00f3 protesta a Fabiola Alan\u00eds como nueva titular de la Comisi\u00f3n Nacional para Prevenir y Erradicar la Violencia contra las Mujeres (Conavim), de quien se dijo orgullosa por tratarse de \u201cuna guerrera m\u00e1s\u201d que se suma a esta encomienda.<\/p>\n\n\n\n<p>Despu\u00e9s de poco m\u00e1s de un mes sin titular, tras la renuncia de Candelaria Ochoa, la secretaria de Gobernaci\u00f3n le dio la bienvenida a Fabiola Alan\u00eds, de quien destac\u00f3 que no solo cuenta con una trayectoria en temas de g\u00e9nero desde el nivel acad\u00e9mico, sino que adem\u00e1s ha trabajado en el territorio.<\/p>\n\n\n\n<p>\u201cEstoy muy contenta y muy orgullosa de que ella forme parte de este equipo del subsecretario Encinas, y estoy muy contenta de que se incorpore otra guerrera m\u00e1s en nuestra lucha en contra de la violencia contra las mujeres.<\/p>\n\n\n\n<p>Sea usted bienvenida y sepa que cuenta con todo el apoyo del equipo que integra la Secretar\u00eda de Gobernaci\u00f3n, especialmente la Subsecretar\u00eda de Derechos Humanos, Poblaci\u00f3n y Migraci\u00f3n para que pueda usted cumplir esta enorme encomienda\u201d, dijo.<\/p>\n\n\n\n<p>S\u00e1nchez Cordero destac\u00f3 que la Conavim es una comisi\u00f3n \u201cimportant\u00edsima para combatir, erradicar, prevenir y sancionar la violencia en contra de las mujeres\u201d, y reiter\u00f3 su compromiso para trabajar en estos temas.<\/p>\n\n\n\n<p>Fuente: Milenio<\/p>\n","protected":false},"excerpt":{"rendered":"<p>La secretaria de Gobernaci\u00f3n, Olga S\u00e1nchez Cordero, tom\u00f3 protesta a Fabiola Alan\u00eds como nueva titular de la Comisi\u00f3n Nacional para Prevenir y Erradicar la Violencia contra las Mujeres (Conavim), de quien se dijo orgullosa por tratarse de \u201cuna guerrera m\u00e1s\u201d que se suma a esta encomienda. Despu\u00e9s de poco m\u00e1s de un mes sin titular,<a class=\"read-more\" href=\"https:\/\/globalnewsmexico.com\/sitio\/fabiola-alanis-rinde-protesta-como-titular-de-conavim\/\">Leer m\u00e1s<\/a><\/p>\n","protected":false},"author":5,"featured_media":51782,"comment_status":"closed","ping_status":"open","sticky":false,"template":"","format":"standard","meta":{"spay_email":"","footnotes":""},"categories":[37,8,49,52],"tags":[],"jetpack_featured_media_url":"https:\/\/i2.wp.com\/globalnewsmexico.com\/sitio\/wp-content\/uploads\/2020\/08\/maria-fabiola-alanis_0_39_960_597.jpg?fit=958%2C596&ssl=1","jetpack_sharing_enabled":true,"jetpack_shortlink":"https:\/\/wp.me\/p9yqPL-dtb","jetpack_likes_enabled":true,"_links":{"self":[{"href":"https:\/\/globalnewsmexico.com\/sitio\/wp-json\/wp\/v2\/posts\/51781"}],"collection":[{"href":"https:\/\/globalnewsmexico.com\/sitio\/wp-json\/wp\/v2\/posts"}],"about":[{"href":"https:\/\/globalnewsmexico.com\/sitio\/wp-json\/wp\/v2\/types\/post"}],"author":[{"embeddable":true,"href":"https:\/\/globalnewsmexico.com\/sitio\/wp-json\/wp\/v2\/users\/5"}],"replies":[{"embeddable":true,"href":"https:\/\/globalnewsmexico.com\/sitio\/wp-json\/wp\/v2\/comments?post=51781"}],"version-history":[{"count":0,"href":"https:\/\/globalnewsmexico.com\/sitio\/wp-json\/wp\/v2\/posts\/51781\/revisions"}],"wp:featuredmedia":[{"embeddable":true,"href":"https:\/\/globalnewsmexico.com\/sitio\/wp-json\/wp\/v2\/media\/51782"}],"wp:attachment":[{"href":"https:\/\/globalnewsmexico.com\/sitio\/wp-json\/wp\/v2\/media?parent=51781"}],"wp:term":[{"taxonomy":"category","embeddable":true,"href":"https:\/\/globalnewsmexico.com\/sitio\/wp-json\/wp\/v2\/categories?post=51781"},{"taxonomy":"post_tag","embeddable":true,"href":"https:\/\/globalnewsmexico.com\/sitio\/wp-json\/wp\/v2\/tags?post=51781"}],"curies":[{"name":"wp","href":"https:\/\/api.w.org\/{rel}","templated":true}]}}