{"id":51798,"date":"2020-08-05T09:37:47","date_gmt":"2020-08-05T14:37:47","guid":{"rendered":"http:\/\/globalnewsmexico.com\/sitio\/?p=51798"},"modified":"2020-08-05T09:37:50","modified_gmt":"2020-08-05T14:37:50","slug":"amlo-realizara-homenaje-a-victimas-de-covid-19-y-a-personal-de-salud","status":"publish","type":"post","link":"https:\/\/globalnewsmexico.com\/sitio\/amlo-realizara-homenaje-a-victimas-de-covid-19-y-a-personal-de-salud\/","title":{"rendered":"AMLO realizar\u00e1 homenaje a v\u00edctimas de Covid-19 y a personal de salud"},"content":{"rendered":"\n<p>El presidente Andr\u00e9s Manuel L\u00f3pez Obrador adelant\u00f3 que se realizar\u00e1 un homenaje permanente a quienes han muerto por Covid-19 y al personal de salud que atiende la pandemia.<\/p>\n\n\n\n<p>Durante conferencia de prensa ma\u00f1anera, desde Sinaloa, L\u00f3pez Obrador dijo que este homenaje &nbsp;se basar\u00e1 en el respeto y agradecimiento.<\/p>\n\n\n\n<p>\u00abUn homenaje a todos los que han perdido la vida por la pandemia y los que est\u00e1n luchando por salir adelante, y los que est\u00e1n trabajando sin descanso por salvar vidas; se va a mantener un homenaje permanente tanto de recuerdo, de respeto, a los que han perdido la vida como de solidaridad con los familiares de las v\u00edctimas, y de agradecimiento a enfermeras, enfermeros, a m\u00e9dicos, a todo el personal de salud que no se rinde, que sigue entregado para salvar vidas\u00bb.<\/p>\n\n\n\n<p>Fuente: Xeu Noticias<\/p>\n","protected":false},"excerpt":{"rendered":"<p>El presidente Andr\u00e9s Manuel L\u00f3pez Obrador adelant\u00f3 que se realizar\u00e1 un homenaje permanente a quienes han muerto por Covid-19 y al personal de salud que atiende la pandemia. Durante conferencia de prensa ma\u00f1anera, desde Sinaloa, L\u00f3pez Obrador dijo que este homenaje &nbsp;se basar\u00e1 en el respeto y agradecimiento. \u00abUn homenaje a todos los que han<a class=\"read-more\" href=\"https:\/\/globalnewsmexico.com\/sitio\/amlo-realizara-homenaje-a-victimas-de-covid-19-y-a-personal-de-salud\/\">Leer m\u00e1s<\/a><\/p>\n","protected":false},"author":5,"featured_media":51800,"comment_status":"closed","ping_status":"open","sticky":false,"template":"","format":"standard","meta":{"spay_email":"","footnotes":""},"categories":[37,8,40,52],"tags":[],"jetpack_featured_media_url":"https:\/\/i0.wp.com\/globalnewsmexico.com\/sitio\/wp-content\/uploads\/2020\/08\/1114761.jpg?fit=1024%2C574&ssl=1","jetpack_sharing_enabled":true,"jetpack_shortlink":"https:\/\/wp.me\/p9yqPL-dts","jetpack_likes_enabled":true,"_links":{"self":[{"href":"https:\/\/globalnewsmexico.com\/sitio\/wp-json\/wp\/v2\/posts\/51798"}],"collection":[{"href":"https:\/\/globalnewsmexico.com\/sitio\/wp-json\/wp\/v2\/posts"}],"about":[{"href":"https:\/\/globalnewsmexico.com\/sitio\/wp-json\/wp\/v2\/types\/post"}],"author":[{"embeddable":true,"href":"https:\/\/globalnewsmexico.com\/sitio\/wp-json\/wp\/v2\/users\/5"}],"replies":[{"embeddable":true,"href":"https:\/\/globalnewsmexico.com\/sitio\/wp-json\/wp\/v2\/comments?post=51798"}],"version-history":[{"count":0,"href":"https:\/\/globalnewsmexico.com\/sitio\/wp-json\/wp\/v2\/posts\/51798\/revisions"}],"wp:featuredmedia":[{"embeddable":true,"href":"https:\/\/globalnewsmexico.com\/sitio\/wp-json\/wp\/v2\/media\/51800"}],"wp:attachment":[{"href":"https:\/\/globalnewsmexico.com\/sitio\/wp-json\/wp\/v2\/media?parent=51798"}],"wp:term":[{"taxonomy":"category","embeddable":true,"href":"https:\/\/globalnewsmexico.com\/sitio\/wp-json\/wp\/v2\/categories?post=51798"},{"taxonomy":"post_tag","embeddable":true,"href":"https:\/\/globalnewsmexico.com\/sitio\/wp-json\/wp\/v2\/tags?post=51798"}],"curies":[{"name":"wp","href":"https:\/\/api.w.org\/{rel}","templated":true}]}}