{"id":51819,"date":"2020-08-05T12:47:44","date_gmt":"2020-08-05T17:47:44","guid":{"rendered":"http:\/\/globalnewsmexico.com\/sitio\/?p=51819"},"modified":"2020-08-05T12:47:49","modified_gmt":"2020-08-05T17:47:49","slug":"califican-de-legal-la-detencion-de-el-marro","status":"publish","type":"post","link":"https:\/\/globalnewsmexico.com\/sitio\/califican-de-legal-la-detencion-de-el-marro\/","title":{"rendered":"Califican de legal la detenci\u00f3n de \u2018El Marro\u2019"},"content":{"rendered":"\n<p>La detenci\u00f3n de Jos\u00e9 Antonio Y\u00e9pez Ortiz, alias &#8216;El Marro&#8217;, fue legal, inform\u00f3 la Fiscal\u00eda General del Estado (FGE) de Guanajuato.<\/p>\n\n\n\n<p>La captura de &#8216;El Marro&#8217; se dio junto con la de Saulo Sergio &#8216;N&#8217;, &#8216;El Cebollo&#8217;, su jefe de seguridad; as\u00ed como Ra\u00fal Alberto &#8216;El Dientes&#8217;, Jos\u00e9 &#8216;Chegas&#8217;, Silvestre &#8216;N&#8217; y Guillermo &#8216;N&#8217;.<\/p>\n\n\n\n<p>El l\u00edder del C\u00e1rtel de Santa Rosa de Lima\u00a0se encuentra recluido en el penal de Puentecillas, Guanajuato.<\/p>\n\n\n\n<p>Ayer, el titular de la Defensa Nacional, Luis Cresencio Sandoval Gonz\u00e1lez, inform\u00f3 que como parte del operativo se usaron dos helic\u00f3pteros, varios drones; adem\u00e1s 260 efectivos del Ej\u00e9rcito participaron en el operativo.<\/p>\n\n\n\n<p>Se incautaron cinco armas largas, tres armas cortas, un lanzagranadas, un artefacto explosivo y 150 mil pesos\u00a0(unos 6 mil 600 d\u00f3lares), y fue liberada una mujer de 52 a\u00f1os que permanec\u00eda secuestrada por el c\u00e1rtel.<\/p>\n\n\n\n<p>Fuente: Exc\u00e9lsior<\/p>\n","protected":false},"excerpt":{"rendered":"<p>La detenci\u00f3n de Jos\u00e9 Antonio Y\u00e9pez Ortiz, alias &#8216;El Marro&#8217;, fue legal, inform\u00f3 la Fiscal\u00eda General del Estado (FGE) de Guanajuato. La captura de &#8216;El Marro&#8217; se dio junto con la de Saulo Sergio &#8216;N&#8217;, &#8216;El Cebollo&#8217;, su jefe de seguridad; as\u00ed como Ra\u00fal Alberto &#8216;El Dientes&#8217;, Jos\u00e9 &#8216;Chegas&#8217;, Silvestre &#8216;N&#8217; y Guillermo &#8216;N&#8217;. El<a class=\"read-more\" href=\"https:\/\/globalnewsmexico.com\/sitio\/califican-de-legal-la-detencion-de-el-marro\/\">Leer m\u00e1s<\/a><\/p>\n","protected":false},"author":5,"featured_media":51820,"comment_status":"closed","ping_status":"open","sticky":false,"template":"","format":"standard","meta":{"spay_email":"","footnotes":""},"categories":[37,8,49,52],"tags":[],"jetpack_featured_media_url":"https:\/\/i0.wp.com\/globalnewsmexico.com\/sitio\/wp-content\/uploads\/2020\/08\/2414293.jpg?fit=1040%2C780&ssl=1","jetpack_sharing_enabled":true,"jetpack_shortlink":"https:\/\/wp.me\/p9yqPL-dtN","jetpack_likes_enabled":true,"_links":{"self":[{"href":"https:\/\/globalnewsmexico.com\/sitio\/wp-json\/wp\/v2\/posts\/51819"}],"collection":[{"href":"https:\/\/globalnewsmexico.com\/sitio\/wp-json\/wp\/v2\/posts"}],"about":[{"href":"https:\/\/globalnewsmexico.com\/sitio\/wp-json\/wp\/v2\/types\/post"}],"author":[{"embeddable":true,"href":"https:\/\/globalnewsmexico.com\/sitio\/wp-json\/wp\/v2\/users\/5"}],"replies":[{"embeddable":true,"href":"https:\/\/globalnewsmexico.com\/sitio\/wp-json\/wp\/v2\/comments?post=51819"}],"version-history":[{"count":0,"href":"https:\/\/globalnewsmexico.com\/sitio\/wp-json\/wp\/v2\/posts\/51819\/revisions"}],"wp:featuredmedia":[{"embeddable":true,"href":"https:\/\/globalnewsmexico.com\/sitio\/wp-json\/wp\/v2\/media\/51820"}],"wp:attachment":[{"href":"https:\/\/globalnewsmexico.com\/sitio\/wp-json\/wp\/v2\/media?parent=51819"}],"wp:term":[{"taxonomy":"category","embeddable":true,"href":"https:\/\/globalnewsmexico.com\/sitio\/wp-json\/wp\/v2\/categories?post=51819"},{"taxonomy":"post_tag","embeddable":true,"href":"https:\/\/globalnewsmexico.com\/sitio\/wp-json\/wp\/v2\/tags?post=51819"}],"curies":[{"name":"wp","href":"https:\/\/api.w.org\/{rel}","templated":true}]}}