{"id":51828,"date":"2020-08-05T14:19:19","date_gmt":"2020-08-05T19:19:19","guid":{"rendered":"http:\/\/globalnewsmexico.com\/sitio\/?p=51828"},"modified":"2020-08-05T14:19:24","modified_gmt":"2020-08-05T19:19:24","slug":"en-sinaloa-amlo-rinde-primer-homenaje-a-personal-medico-y-victimas-de-covid-19","status":"publish","type":"post","link":"https:\/\/globalnewsmexico.com\/sitio\/en-sinaloa-amlo-rinde-primer-homenaje-a-personal-medico-y-victimas-de-covid-19\/","title":{"rendered":"En Sinaloa, AMLO rinde primer homenaje a personal m\u00e9dico y v\u00edctimas de Covid-19"},"content":{"rendered":"\n<p>El presidente\u00a0Andr\u00e9s Manuel L\u00f3pez Obrador rindi\u00f3 el primer homenaje\u00a0a v\u00edctimas de Covid-19 y al personal m\u00e9dico que atiende la pandemia en M\u00e9xico, con un\u00a0minuto de silencio y aplausos, durante su visita a Culiac\u00e1n, Sinaloa.<\/p>\n\n\n\n<p>\u00abA las 12 del d\u00eda ya se decidi\u00f3 que siempre vamos a guardar minuto de silencio en todo el pa\u00eds, este es un ejemplo que nos est\u00e1n dando las Fuerzas Armadas desde hace poco m\u00e1s de dos meses; hay un toque de silencio en todas sus instalaciones y terminando se aplaude\u00bb, dijo al concluir el acto de supervisi\u00f3n del dren Bacurim\u00ed.\u00a0<\/p>\n\n\n\n<p>Detall\u00f3 que el minuto de silencio es para homenajear a todas las personas que han muerto por Covid-19, mientras que los aplausos son para reconocer al personal que atiende la pandemia de coronavirus, acto que\u00a0se llevar\u00e1 a cabo diario a las 12:00 horas\u00a0en todas las dependencias del Gobierno federal.\u00a0<\/p>\n\n\n\n<p>L\u00f3pez Obrador asegur\u00f3 que \u00e9l rendir\u00e1 el homenaje todos los d\u00edas en el lugar que se encuentre, \u00abme voy a parar y me voy a bajar y ah\u00ed voy a hacer mi minuto; el que lo pueda hacer que lo haga, hay que fortalecernos, mucho \u00e1nimo y mucho amor a los familiares de las v\u00edctimas y a los que tienen enfermos\u00bb.&nbsp;<\/p>\n\n\n\n<p>Durante\u00a0La Ma\u00f1anera, se difundi\u00f3 un video para explicar que se dispuso desde el 6 de junio de 2020 que se interpretar\u00e1 un toque de queda en todas las instalaciones militares del Ej\u00e9rcito y la Fuerza A\u00e9rea a las 12:00 horas diariamente, seguido de aplausos. Al escuchar el toque, todo el personal se quitar\u00e1 el tocado frente al l\u00e1baro patrio. Todas las dependencias del Gobierno federal tambi\u00e9n realizar\u00e1n este homenaje.\u00a0<\/p>\n\n\n\n<p>Fuente: Milenio<\/p>\n","protected":false},"excerpt":{"rendered":"<p>El presidente\u00a0Andr\u00e9s Manuel L\u00f3pez Obrador rindi\u00f3 el primer homenaje\u00a0a v\u00edctimas de Covid-19 y al personal m\u00e9dico que atiende la pandemia en M\u00e9xico, con un\u00a0minuto de silencio y aplausos, durante su visita a Culiac\u00e1n, Sinaloa. \u00abA las 12 del d\u00eda ya se decidi\u00f3 que siempre vamos a guardar minuto de silencio en todo el pa\u00eds, este<a class=\"read-more\" href=\"https:\/\/globalnewsmexico.com\/sitio\/en-sinaloa-amlo-rinde-primer-homenaje-a-personal-medico-y-victimas-de-covid-19\/\">Leer m\u00e1s<\/a><\/p>\n","protected":false},"author":5,"featured_media":51829,"comment_status":"closed","ping_status":"open","sticky":false,"template":"","format":"standard","meta":{"spay_email":"","footnotes":""},"categories":[37,8,40,52],"tags":[],"jetpack_featured_media_url":"https:\/\/i2.wp.com\/globalnewsmexico.com\/sitio\/wp-content\/uploads\/2020\/08\/presidente-andres-manuel-lopez-obrador-12_115_0_564_351.png?fit=958%2C596&ssl=1","jetpack_sharing_enabled":true,"jetpack_shortlink":"https:\/\/wp.me\/p9yqPL-dtW","jetpack_likes_enabled":true,"_links":{"self":[{"href":"https:\/\/globalnewsmexico.com\/sitio\/wp-json\/wp\/v2\/posts\/51828"}],"collection":[{"href":"https:\/\/globalnewsmexico.com\/sitio\/wp-json\/wp\/v2\/posts"}],"about":[{"href":"https:\/\/globalnewsmexico.com\/sitio\/wp-json\/wp\/v2\/types\/post"}],"author":[{"embeddable":true,"href":"https:\/\/globalnewsmexico.com\/sitio\/wp-json\/wp\/v2\/users\/5"}],"replies":[{"embeddable":true,"href":"https:\/\/globalnewsmexico.com\/sitio\/wp-json\/wp\/v2\/comments?post=51828"}],"version-history":[{"count":0,"href":"https:\/\/globalnewsmexico.com\/sitio\/wp-json\/wp\/v2\/posts\/51828\/revisions"}],"wp:featuredmedia":[{"embeddable":true,"href":"https:\/\/globalnewsmexico.com\/sitio\/wp-json\/wp\/v2\/media\/51829"}],"wp:attachment":[{"href":"https:\/\/globalnewsmexico.com\/sitio\/wp-json\/wp\/v2\/media?parent=51828"}],"wp:term":[{"taxonomy":"category","embeddable":true,"href":"https:\/\/globalnewsmexico.com\/sitio\/wp-json\/wp\/v2\/categories?post=51828"},{"taxonomy":"post_tag","embeddable":true,"href":"https:\/\/globalnewsmexico.com\/sitio\/wp-json\/wp\/v2\/tags?post=51828"}],"curies":[{"name":"wp","href":"https:\/\/api.w.org\/{rel}","templated":true}]}}