{"id":51844,"date":"2020-08-05T18:17:37","date_gmt":"2020-08-05T23:17:37","guid":{"rendered":"http:\/\/globalnewsmexico.com\/sitio\/?p=51844"},"modified":"2020-08-05T18:17:42","modified_gmt":"2020-08-05T23:17:42","slug":"sep-presenta-calendario-escolar-2020-2021-habra-190-dias-de-clase","status":"publish","type":"post","link":"https:\/\/globalnewsmexico.com\/sitio\/sep-presenta-calendario-escolar-2020-2021-habra-190-dias-de-clase\/","title":{"rendered":"SEP presenta calendario escolar 2020-2021; habr\u00e1 190 d\u00edas de clase"},"content":{"rendered":"\n<p>Esta tarde, la Secretar\u00eda de Educaci\u00f3n P\u00fablica (SEP) dio a conocer el calendario escolar oficial para el ciclo escolar 2020-2021, el cual se llevar\u00e1 a cabo v\u00eda remota hasta que el sem\u00e1foro epidemiol\u00f3gico tenga el color verde y consta de 190 d\u00edas efectivos de estudio.<\/p>\n\n\n\n<p>Durante la conferencia de prensa en Palacio Nacional, Esteban Moctezuma Barrag\u00e1n, titular de la SEP, reiter\u00f3 que\u00a0el inicio de clases es el lunes 24 de agosto y concluir\u00e1 el 9 de julio de 2021.<\/p>\n\n\n\n<h2 class=\"wp-block-heading\">Conoce las fechas m\u00e1s importantes del pr\u00f3ximo ciclo escolar<\/h2>\n\n\n\n<p>Previo al inicio de clases,\u00a0del 6 de agosto al 11 de septiembre se llevar\u00e1 a cabo un proceso de inscripciones\u00a0para alumnos en escuelas p\u00fablicas.\u00a0<\/p>\n\n\n\n<h4 class=\"wp-block-heading\">Inscripciones<\/h4>\n\n\n\n<p>Del 6 de agosto al 21 de agosto es el proceso de inscripciones ordinario, el cual se extender\u00e1 en este ciclo escolar hasta el 11 de septiembre.<\/p>\n\n\n\n<p>Moctezuma explic\u00f3 que se quiso ampliar el periodo de inscripciones para que haya mayores posibilidades de inscripci\u00f3n.<\/p>\n\n\n\n<p>Del 10 al 14 de agosto habr\u00e1 capacitaci\u00f3n para el magisterio previo al inicio de clases y del 17 al 21 son sesiones del consejo t\u00e9cnico escolar para preparar el curso.&nbsp;<\/p>\n\n\n\n<p>Moctezuma Barrag\u00e1n detall\u00f3 que todo esto ser\u00e1 en l\u00ednea.&nbsp;<\/p>\n\n\n\n<h4 class=\"wp-block-heading\">D\u00edas de asueto<\/h4>\n\n\n\n<p>16 de septiembre: D\u00eda de Independencia.<\/p>\n\n\n\n<p>2 de noviembre: D\u00eda de Muertos.&nbsp;<\/p>\n\n\n\n<p>16 de noviembre: Aniversario de la Revoluci\u00f3n Mexicana (es el 20 pero se recorre al 16).&nbsp;<\/p>\n\n\n\n<p>1 de febrero: Promulgaci\u00f3n de la Constituci\u00f3n Pol\u00edtica de los Estados Unidos Mexicanos de 1917.&nbsp;<\/p>\n\n\n\n<p>15 de marzo: Natalicio del Benem\u00e9rito de las Am\u00e9ricas Benito Ju\u00e1rez Garc\u00eda.<\/p>\n\n\n\n<p>5 de mayo: Batalla de Puebla.<\/p>\n\n\n\n<p>Los d\u00edas de asueto corresponden a fechas oficiales establecidas en la Constituci\u00f3n Pol\u00edtica de los Estados Unidos Mexicanos.&nbsp;<\/p>\n\n\n\n<h4 class=\"wp-block-heading\">Vacaciones<\/h4>\n\n\n\n<p>Del 19 de diciembre al 11 de enero; 29 de marzo al 12 de abril.<\/p>\n\n\n\n<p>Las vacaciones corresponden al receso de invierno as\u00ed como a la de Semana Santa y Pascua.<\/p>\n\n\n\n<h4 class=\"wp-block-heading\">Sesiones del consejo t\u00e9cnico<\/h4>\n\n\n\n<p>4 de octubre, 11 de diciembre, 7 y 8 de enero; 19 de febrero,12 de abril, 21 de mayo, 25 de junio.&nbsp; &nbsp; &nbsp; &nbsp; &nbsp;&nbsp;<\/p>\n\n\n\n<p>En las sesiones del consejo t\u00e9cnico los docentes sostienen reuniones por lo que los estudiantes no tienen clases.&nbsp;<\/p>\n\n\n\n<h4 class=\"wp-block-heading\">Entrega de calificaciones<\/h4>\n\n\n\n<p>24 al 27 de noviembre, 23 al 26 de marzo de 2021 y del 5 al 9 de julio.<\/p>\n\n\n\n<p>El 13 de noviembre, 12 de marzo y 28 de junio de 2021 los estudiantes no tendr\u00e1n clases, para que los docentes tengan esas fechas como descarga administrativa previo a la entrega de calificaciones.\u00a0<\/p>\n\n\n\n<p>El calendario aplicar\u00e1 para escuelas p\u00fablicas y privadas y\u00a0constar\u00e1 de 190 d\u00edas efectivos de estudio y trabajo.<\/p>\n\n\n\n<p>Fuente: Milenio<\/p>\n","protected":false},"excerpt":{"rendered":"<p>Esta tarde, la Secretar\u00eda de Educaci\u00f3n P\u00fablica (SEP) dio a conocer el calendario escolar oficial para el ciclo escolar 2020-2021, el cual se llevar\u00e1 a cabo v\u00eda remota hasta que el sem\u00e1foro epidemiol\u00f3gico tenga el color verde y consta de 190 d\u00edas efectivos de estudio. Durante la conferencia de prensa en Palacio Nacional, Esteban Moctezuma<a class=\"read-more\" href=\"https:\/\/globalnewsmexico.com\/sitio\/sep-presenta-calendario-escolar-2020-2021-habra-190-dias-de-clase\/\">Leer m\u00e1s<\/a><\/p>\n","protected":false},"author":5,"featured_media":51845,"comment_status":"closed","ping_status":"open","sticky":false,"template":"","format":"standard","meta":{"spay_email":"","footnotes":""},"categories":[37,8,39,52],"tags":[],"jetpack_featured_media_url":"https:\/\/i0.wp.com\/globalnewsmexico.com\/sitio\/wp-content\/uploads\/2020\/08\/presenta-sep-calendario-escolar-twitter_1_75_901_561.jpg?fit=958%2C596&ssl=1","jetpack_sharing_enabled":true,"jetpack_shortlink":"https:\/\/wp.me\/p9yqPL-duc","jetpack_likes_enabled":true,"_links":{"self":[{"href":"https:\/\/globalnewsmexico.com\/sitio\/wp-json\/wp\/v2\/posts\/51844"}],"collection":[{"href":"https:\/\/globalnewsmexico.com\/sitio\/wp-json\/wp\/v2\/posts"}],"about":[{"href":"https:\/\/globalnewsmexico.com\/sitio\/wp-json\/wp\/v2\/types\/post"}],"author":[{"embeddable":true,"href":"https:\/\/globalnewsmexico.com\/sitio\/wp-json\/wp\/v2\/users\/5"}],"replies":[{"embeddable":true,"href":"https:\/\/globalnewsmexico.com\/sitio\/wp-json\/wp\/v2\/comments?post=51844"}],"version-history":[{"count":0,"href":"https:\/\/globalnewsmexico.com\/sitio\/wp-json\/wp\/v2\/posts\/51844\/revisions"}],"wp:featuredmedia":[{"embeddable":true,"href":"https:\/\/globalnewsmexico.com\/sitio\/wp-json\/wp\/v2\/media\/51845"}],"wp:attachment":[{"href":"https:\/\/globalnewsmexico.com\/sitio\/wp-json\/wp\/v2\/media?parent=51844"}],"wp:term":[{"taxonomy":"category","embeddable":true,"href":"https:\/\/globalnewsmexico.com\/sitio\/wp-json\/wp\/v2\/categories?post=51844"},{"taxonomy":"post_tag","embeddable":true,"href":"https:\/\/globalnewsmexico.com\/sitio\/wp-json\/wp\/v2\/tags?post=51844"}],"curies":[{"name":"wp","href":"https:\/\/api.w.org\/{rel}","templated":true}]}}