{"id":51881,"date":"2020-08-06T12:45:55","date_gmt":"2020-08-06T17:45:55","guid":{"rendered":"http:\/\/globalnewsmexico.com\/sitio\/?p=51881"},"modified":"2020-08-06T12:45:59","modified_gmt":"2020-08-06T17:45:59","slug":"detienen-a-presuntos-homicidas-en-sur-de-veracruz","status":"publish","type":"post","link":"https:\/\/globalnewsmexico.com\/sitio\/detienen-a-presuntos-homicidas-en-sur-de-veracruz\/","title":{"rendered":"Detienen a presuntos homicidas en sur de Veracruz"},"content":{"rendered":"\n<p>La Fiscal\u00eda Regional de la zona sur-Coatzacoalcos detuvo a dos personas por su probable participaci\u00f3n en la privaci\u00f3n de la vida de un hombre; los imputados fueron vinculados a proceso.<\/p>\n\n\n\n<p>Los hechos que se le imputan a Otsmar Alyi \u201cN\u201d y Aar\u00f3n Antonio \u201cN\u201d ocurrieron en julio del a\u00f1o en curso, en la colonia Obrera del municipio de Minatitl\u00e1n, donde probablemente ingresaron al domicilio de la v\u00edctima y lo privaron de la vida.<\/p>\n\n\n\n<p>El pasado 30 de julio fue detenido por los agentes ministeriales, obteniendo la Fiscal\u00eda la legalizaci\u00f3n de la diligencia; as\u00ed como su imputaci\u00f3n por la probable comisi\u00f3n del delito de homicidio doloso calificado.<\/p>\n\n\n\n<p>Al vencimiento del t\u00e9rmino constitucional y con sustento en los datos de prueba aportados, fueron decretadas sus vinculaciones al Proceso Penal 130\/2020, se le ratific\u00f3 la medida cautelar de prisi\u00f3n preventiva oficiosa por el lapso de un a\u00f1o y fueron concedidos seis meses para la investigaci\u00f3n complementaria.<\/p>\n","protected":false},"excerpt":{"rendered":"<p>La Fiscal\u00eda Regional de la zona sur-Coatzacoalcos detuvo a dos personas por su probable participaci\u00f3n en la privaci\u00f3n de la vida de un hombre; los imputados fueron vinculados a proceso. Los hechos que se le imputan a Otsmar Alyi \u201cN\u201d y Aar\u00f3n Antonio \u201cN\u201d ocurrieron en julio del a\u00f1o en curso, en la colonia Obrera<a class=\"read-more\" href=\"https:\/\/globalnewsmexico.com\/sitio\/detienen-a-presuntos-homicidas-en-sur-de-veracruz\/\">Leer m\u00e1s<\/a><\/p>\n","protected":false},"author":5,"featured_media":51883,"comment_status":"closed","ping_status":"open","sticky":false,"template":"","format":"standard","meta":{"spay_email":"","footnotes":""},"categories":[37,8,50,52],"tags":[],"jetpack_featured_media_url":"https:\/\/i2.wp.com\/globalnewsmexico.com\/sitio\/wp-content\/uploads\/2020\/08\/a4e43220-8079-48c7-bc6d-a6f672b86e46.jpg?fit=1040%2C1040&ssl=1","jetpack_sharing_enabled":true,"jetpack_shortlink":"https:\/\/wp.me\/p9yqPL-duN","jetpack_likes_enabled":true,"_links":{"self":[{"href":"https:\/\/globalnewsmexico.com\/sitio\/wp-json\/wp\/v2\/posts\/51881"}],"collection":[{"href":"https:\/\/globalnewsmexico.com\/sitio\/wp-json\/wp\/v2\/posts"}],"about":[{"href":"https:\/\/globalnewsmexico.com\/sitio\/wp-json\/wp\/v2\/types\/post"}],"author":[{"embeddable":true,"href":"https:\/\/globalnewsmexico.com\/sitio\/wp-json\/wp\/v2\/users\/5"}],"replies":[{"embeddable":true,"href":"https:\/\/globalnewsmexico.com\/sitio\/wp-json\/wp\/v2\/comments?post=51881"}],"version-history":[{"count":0,"href":"https:\/\/globalnewsmexico.com\/sitio\/wp-json\/wp\/v2\/posts\/51881\/revisions"}],"wp:featuredmedia":[{"embeddable":true,"href":"https:\/\/globalnewsmexico.com\/sitio\/wp-json\/wp\/v2\/media\/51883"}],"wp:attachment":[{"href":"https:\/\/globalnewsmexico.com\/sitio\/wp-json\/wp\/v2\/media?parent=51881"}],"wp:term":[{"taxonomy":"category","embeddable":true,"href":"https:\/\/globalnewsmexico.com\/sitio\/wp-json\/wp\/v2\/categories?post=51881"},{"taxonomy":"post_tag","embeddable":true,"href":"https:\/\/globalnewsmexico.com\/sitio\/wp-json\/wp\/v2\/tags?post=51881"}],"curies":[{"name":"wp","href":"https:\/\/api.w.org\/{rel}","templated":true}]}}