{"id":51924,"date":"2020-08-07T11:45:25","date_gmt":"2020-08-07T16:45:25","guid":{"rendered":"http:\/\/globalnewsmexico.com\/sitio\/?p=51924"},"modified":"2020-08-07T11:45:28","modified_gmt":"2020-08-07T16:45:28","slug":"revelan-que-amlo-no-pago-su-chequeo-en-el-instituto-nacional-de-cardiologia","status":"publish","type":"post","link":"https:\/\/globalnewsmexico.com\/sitio\/revelan-que-amlo-no-pago-su-chequeo-en-el-instituto-nacional-de-cardiologia\/","title":{"rendered":"Revelan que AMLO no pag\u00f3 su chequeo en el Instituto Nacional de Cardiolog\u00eda"},"content":{"rendered":"\n<p>El pasado lunes 3 de agosto, el presidente Andr\u00e9s Manuel L\u00f3pez Obrador revel\u00f3 que acudi\u00f3 a un chequeo al\u00a0Instituto Nacional de Cardiolog\u00eda \u201cIgnacio Ch\u00e1vez\u201d\u00a0y asegur\u00f3 que est\u00e1 al \u201c100\u201d.<\/p>\n\n\n\n<p>\u201cEstoy bien, muy bien. Fui a Cardiolog\u00eda, pero es un chequeo. Es muy bueno el Instituto de Cardiolog\u00eda, a una prueba de esfuerzo y estoy al 100\u201d, coment\u00f3 durante su ma\u00f1anera.<\/p>\n\n\n\n<p>Jorge Gaspar Hern\u00e1ndez, director del\u00a0Instituto Nacional de Cardiolog\u00eda, en entrevista con la reportera Miriam Moreno de \u201cPor la ma\u00f1ana\u201d de Ciro G\u00f3mez Leyva para Radio F\u00f3rmula, confirm\u00f3 que el mandatario mexicano sali\u00f3 100 por ciento normal en los estudios que se realiz\u00f3 el domingo 2 de agosto.<\/p>\n\n\n\n<p>\u201cVino a hacerse el chequeo habitual que le indica su cardi\u00f3logo. \u00c9l lleg\u00f3 al \u00e1rea de pruebas de esfuerzo, lleg\u00f3 a las 7 en punto. Se le tom\u00f3 la muestra para ex\u00e1menes de laboratorio. Se le hizo la prueba de&nbsp; esfuerzo y puedo sali\u00f3 100 por ciento normal\u201d, detall\u00f3.<\/p>\n\n\n\n<p>Gaspar Hern\u00e1ndez\u00a0revel\u00f3 que prueba de esfuerzo de\u00a0L\u00f3pez Obrador\u00a0sali\u00f3 \u201cm\u00e1s all\u00e1 de la frecuencia m\u00e1xima esperada; sin arritmias, sin s\u00edntomas, sin cambio en el electrocardiograma\u201d.<\/p>\n\n\n\n<p>Sobre si el presidente de M\u00e9xico\u00a0pag\u00f3\u00a0su consulta, el m\u00e9dico asegur\u00f3 que \u201cno se le cobr\u00f3\u201c; aunque despu\u00e9s se\u00f1al\u00f3 que desconoce el proceso de pago cuando se trata del mandatario.<\/p>\n\n\n\n<p>Por otra parte, dio a conocer que esta es la primera vez que\u00a0L\u00f3pez Obrador acude como paciente al Instituto Nacional de Cardiolog\u00eda.<\/p>\n\n\n\n<p>\u201cEl m\u00e9dico que lo atendi\u00f3 es un m\u00e9dico de aqu\u00ed. \u00c9l ha venido aqu\u00ed como paciente \u00fanicamente esta vez. S\u00ed ha habido ocasiones nuestro \u2018laboratorista\u2019 va\u00a0 y le toma muestras de sangre para sus estudios rutinarios, pero aqu\u00ed es la primera vez que viene\u201d, dijo.<\/p>\n\n\n\n<p>Fuente: Radio F\u00f3rmula<\/p>\n","protected":false},"excerpt":{"rendered":"<p>El pasado lunes 3 de agosto, el presidente Andr\u00e9s Manuel L\u00f3pez Obrador revel\u00f3 que acudi\u00f3 a un chequeo al\u00a0Instituto Nacional de Cardiolog\u00eda \u201cIgnacio Ch\u00e1vez\u201d\u00a0y asegur\u00f3 que est\u00e1 al \u201c100\u201d. \u201cEstoy bien, muy bien. Fui a Cardiolog\u00eda, pero es un chequeo. Es muy bueno el Instituto de Cardiolog\u00eda, a una prueba de esfuerzo y estoy al<a class=\"read-more\" href=\"https:\/\/globalnewsmexico.com\/sitio\/revelan-que-amlo-no-pago-su-chequeo-en-el-instituto-nacional-de-cardiologia\/\">Leer m\u00e1s<\/a><\/p>\n","protected":false},"author":5,"featured_media":51925,"comment_status":"closed","ping_status":"open","sticky":false,"template":"","format":"standard","meta":{"spay_email":"","footnotes":""},"categories":[37,8,40,52],"tags":[],"jetpack_featured_media_url":"https:\/\/i2.wp.com\/globalnewsmexico.com\/sitio\/wp-content\/uploads\/2020\/08\/amlo-no-pago-consulta-en-intituto-de-cardiologia.jpg?fit=1040%2C589&ssl=1","jetpack_sharing_enabled":true,"jetpack_shortlink":"https:\/\/wp.me\/p9yqPL-dvu","jetpack_likes_enabled":true,"_links":{"self":[{"href":"https:\/\/globalnewsmexico.com\/sitio\/wp-json\/wp\/v2\/posts\/51924"}],"collection":[{"href":"https:\/\/globalnewsmexico.com\/sitio\/wp-json\/wp\/v2\/posts"}],"about":[{"href":"https:\/\/globalnewsmexico.com\/sitio\/wp-json\/wp\/v2\/types\/post"}],"author":[{"embeddable":true,"href":"https:\/\/globalnewsmexico.com\/sitio\/wp-json\/wp\/v2\/users\/5"}],"replies":[{"embeddable":true,"href":"https:\/\/globalnewsmexico.com\/sitio\/wp-json\/wp\/v2\/comments?post=51924"}],"version-history":[{"count":0,"href":"https:\/\/globalnewsmexico.com\/sitio\/wp-json\/wp\/v2\/posts\/51924\/revisions"}],"wp:featuredmedia":[{"embeddable":true,"href":"https:\/\/globalnewsmexico.com\/sitio\/wp-json\/wp\/v2\/media\/51925"}],"wp:attachment":[{"href":"https:\/\/globalnewsmexico.com\/sitio\/wp-json\/wp\/v2\/media?parent=51924"}],"wp:term":[{"taxonomy":"category","embeddable":true,"href":"https:\/\/globalnewsmexico.com\/sitio\/wp-json\/wp\/v2\/categories?post=51924"},{"taxonomy":"post_tag","embeddable":true,"href":"https:\/\/globalnewsmexico.com\/sitio\/wp-json\/wp\/v2\/tags?post=51924"}],"curies":[{"name":"wp","href":"https:\/\/api.w.org\/{rel}","templated":true}]}}