{"id":51950,"date":"2020-08-07T15:44:35","date_gmt":"2020-08-07T20:44:35","guid":{"rendered":"http:\/\/globalnewsmexico.com\/sitio\/?p=51950"},"modified":"2020-08-07T15:44:39","modified_gmt":"2020-08-07T20:44:39","slug":"cidh-analizara-caso-de-guarderia-abc","status":"publish","type":"post","link":"https:\/\/globalnewsmexico.com\/sitio\/cidh-analizara-caso-de-guarderia-abc\/","title":{"rendered":"CIDH analizar\u00e1 caso de Guarder\u00eda ABC"},"content":{"rendered":"\n<p>La Comisi\u00f3n Interamericana de Derechos Humanos (CIDH) admiti\u00f3 el caso del incendio en la\u00a0Guarder\u00eda ABC, ocurrido el 5 de junio de 2009, en Hermosillo, Sonora, para entrar a su etapa definitiva de an\u00e1lisis de fondo en la que\u00a0se decidir\u00e1 si hubo o no violaciones a los derechos humanos.<\/p>\n\n\n\n<p>Durante una conferencia en Hermosillo, los padres de cinco familias que sigue en la lucha pro justicia celebraron esta acci\u00f3n que, aseguran, abre la puerta para que el caso sea atra\u00eddo tambi\u00e9n por la Corte Interamericana de Derechos Humanos.<\/p>\n\n\n\n<p>\u00abSi la CIDH resuelve favorablemente el caso, que eso es lo que esperamos por lo que representa esta tragedia, el Estado tendr\u00eda que implementar sus recomendaciones y de no hacerlo la CIDH podr\u00eda enviar el caso a la Corte Interamericana de Derechos Humanos en\u00a0Costa Rica, \u00faltima instancia del sistema interamericano, quien\u00a0emitir\u00eda una sentencia plenamente vinculante al Estado mexicano\u00bb, expresaron.<\/p>\n\n\n\n<p>Desde que ocurri\u00f3 la tragedia de la guarder\u00eda en 2009, las familias han exigido investigaci\u00f3n y sanci\u00f3n penal a todos los actores responsables, incluyendo funcionarios de alto rango y particulares, reconociendo, adem\u00e1s, las causas estructurales del incendio.\u00a0<\/p>\n\n\n\n<p>\u00abEl incendio en la Guarder\u00eda ABC no fue un siniestro imprevisible, sino el\u00a0resultado de fallas estructurales en el sistema de subrogaci\u00f3n de las estancias infantiles, pues dicho sistema convirti\u00f3 el cuidado de los ni\u00f1os y las ni\u00f1as en un negocio, provocando el incumplimiento generalizado de est\u00e1ndares de seguridad en las estancias\u00bb, concluyeron.<\/p>\n\n\n\n<p>Fuente: Milenio<\/p>\n","protected":false},"excerpt":{"rendered":"<p>La Comisi\u00f3n Interamericana de Derechos Humanos (CIDH) admiti\u00f3 el caso del incendio en la\u00a0Guarder\u00eda ABC, ocurrido el 5 de junio de 2009, en Hermosillo, Sonora, para entrar a su etapa definitiva de an\u00e1lisis de fondo en la que\u00a0se decidir\u00e1 si hubo o no violaciones a los derechos humanos. Durante una conferencia en Hermosillo, los padres<a class=\"read-more\" href=\"https:\/\/globalnewsmexico.com\/sitio\/cidh-analizara-caso-de-guarderia-abc\/\">Leer m\u00e1s<\/a><\/p>\n","protected":false},"author":5,"featured_media":51951,"comment_status":"closed","ping_status":"open","sticky":false,"template":"","format":"standard","meta":{"spay_email":"","footnotes":""},"categories":[37,8,39,52],"tags":[],"jetpack_featured_media_url":"https:\/\/i2.wp.com\/globalnewsmexico.com\/sitio\/wp-content\/uploads\/2020\/08\/amlo-firma-decreto-pensiona-victimas_31_0_578_360.jpg?fit=958%2C596&ssl=1","jetpack_sharing_enabled":true,"jetpack_shortlink":"https:\/\/wp.me\/p9yqPL-dvU","jetpack_likes_enabled":true,"_links":{"self":[{"href":"https:\/\/globalnewsmexico.com\/sitio\/wp-json\/wp\/v2\/posts\/51950"}],"collection":[{"href":"https:\/\/globalnewsmexico.com\/sitio\/wp-json\/wp\/v2\/posts"}],"about":[{"href":"https:\/\/globalnewsmexico.com\/sitio\/wp-json\/wp\/v2\/types\/post"}],"author":[{"embeddable":true,"href":"https:\/\/globalnewsmexico.com\/sitio\/wp-json\/wp\/v2\/users\/5"}],"replies":[{"embeddable":true,"href":"https:\/\/globalnewsmexico.com\/sitio\/wp-json\/wp\/v2\/comments?post=51950"}],"version-history":[{"count":0,"href":"https:\/\/globalnewsmexico.com\/sitio\/wp-json\/wp\/v2\/posts\/51950\/revisions"}],"wp:featuredmedia":[{"embeddable":true,"href":"https:\/\/globalnewsmexico.com\/sitio\/wp-json\/wp\/v2\/media\/51951"}],"wp:attachment":[{"href":"https:\/\/globalnewsmexico.com\/sitio\/wp-json\/wp\/v2\/media?parent=51950"}],"wp:term":[{"taxonomy":"category","embeddable":true,"href":"https:\/\/globalnewsmexico.com\/sitio\/wp-json\/wp\/v2\/categories?post=51950"},{"taxonomy":"post_tag","embeddable":true,"href":"https:\/\/globalnewsmexico.com\/sitio\/wp-json\/wp\/v2\/tags?post=51950"}],"curies":[{"name":"wp","href":"https:\/\/api.w.org\/{rel}","templated":true}]}}