{"id":51956,"date":"2020-08-07T16:22:28","date_gmt":"2020-08-07T21:22:28","guid":{"rendered":"http:\/\/globalnewsmexico.com\/sitio\/?p=51956"},"modified":"2020-08-07T16:22:31","modified_gmt":"2020-08-07T21:22:31","slug":"regreso-a-clases-en-cadis-sera-en-linea","status":"publish","type":"post","link":"https:\/\/globalnewsmexico.com\/sitio\/regreso-a-clases-en-cadis-sera-en-linea\/","title":{"rendered":"Regreso a clases en CADIS ser\u00e1 en l\u00ednea"},"content":{"rendered":"\n<p>Ante la emergencia sanitaria por el Covid-19 y debido al sem\u00e1foro rojo del municipio, el Ciclo Escolar 2020-2021 en los Centros Educativos del Sistema DIF de Coatzacoalcos continuar\u00e1 desarroll\u00e1ndose a distancia.<\/p>\n\n\n\n<p>Mar\u00eda de los \u00c1ngeles Urdaibay Villaseca, titular de Servicios para la Atenci\u00f3n, Cuidado y Desarrollo Integral Infantil (SACDII), dio a conocer que apeg\u00e1ndose a los lineamientos emitidos por las autoridades educativas, el retorno en los Centros de Asistencia de Desarrollo Integral (CADI) y los Centros de Asistencia Infantil Comunitario (CAIC) ser\u00e1 a trav\u00e9s del programa de aprendizaje en l\u00ednea.<\/p>\n\n\n\n<p>Enfatiz\u00f3 que, del 10 al 14 de agosto, las educadoras participar\u00e1n en la capacitaci\u00f3n impartida por la Secretar\u00eda de Educaci\u00f3n de Veracruz (SEV), para posteriormente comenzar al ciclo escolar el 24 de este mes con semana de adaptaci\u00f3n, bienvenida y nuevo ingreso.<\/p>\n\n\n\n<p>Finalmente, la funcionaria argument\u00f3 que se respetar\u00e1 el lugar de aquellos preinscritos en febrero, siendo del 17 al 21 las fechas establecidas para las inscripciones, siguiendo cada Centro Educativo un protocolo de sana distancia, donde se comunicar\u00e1n v\u00eda telef\u00f3nica con cada uno de los padres de familia para as\u00ed acudir bajo cita previa a realizar dicho tr\u00e1mite.<\/p>\n","protected":false},"excerpt":{"rendered":"<p>Ante la emergencia sanitaria por el Covid-19 y debido al sem\u00e1foro rojo del municipio, el Ciclo Escolar 2020-2021 en los Centros Educativos del Sistema DIF de Coatzacoalcos continuar\u00e1 desarroll\u00e1ndose a distancia. Mar\u00eda de los \u00c1ngeles Urdaibay Villaseca, titular de Servicios para la Atenci\u00f3n, Cuidado y Desarrollo Integral Infantil (SACDII), dio a conocer que apeg\u00e1ndose a<a class=\"read-more\" href=\"https:\/\/globalnewsmexico.com\/sitio\/regreso-a-clases-en-cadis-sera-en-linea\/\">Leer m\u00e1s<\/a><\/p>\n","protected":false},"author":5,"featured_media":51960,"comment_status":"closed","ping_status":"open","sticky":false,"template":"","format":"standard","meta":{"spay_email":"","footnotes":""},"categories":[37,8,50,52],"tags":[],"jetpack_featured_media_url":"https:\/\/i2.wp.com\/globalnewsmexico.com\/sitio\/wp-content\/uploads\/2020\/08\/08ecb1b4-aa9d-4b56-bfa2-98ba259589ff.jpg?fit=1040%2C693&ssl=1","jetpack_sharing_enabled":true,"jetpack_shortlink":"https:\/\/wp.me\/p9yqPL-dw0","jetpack_likes_enabled":true,"_links":{"self":[{"href":"https:\/\/globalnewsmexico.com\/sitio\/wp-json\/wp\/v2\/posts\/51956"}],"collection":[{"href":"https:\/\/globalnewsmexico.com\/sitio\/wp-json\/wp\/v2\/posts"}],"about":[{"href":"https:\/\/globalnewsmexico.com\/sitio\/wp-json\/wp\/v2\/types\/post"}],"author":[{"embeddable":true,"href":"https:\/\/globalnewsmexico.com\/sitio\/wp-json\/wp\/v2\/users\/5"}],"replies":[{"embeddable":true,"href":"https:\/\/globalnewsmexico.com\/sitio\/wp-json\/wp\/v2\/comments?post=51956"}],"version-history":[{"count":0,"href":"https:\/\/globalnewsmexico.com\/sitio\/wp-json\/wp\/v2\/posts\/51956\/revisions"}],"wp:featuredmedia":[{"embeddable":true,"href":"https:\/\/globalnewsmexico.com\/sitio\/wp-json\/wp\/v2\/media\/51960"}],"wp:attachment":[{"href":"https:\/\/globalnewsmexico.com\/sitio\/wp-json\/wp\/v2\/media?parent=51956"}],"wp:term":[{"taxonomy":"category","embeddable":true,"href":"https:\/\/globalnewsmexico.com\/sitio\/wp-json\/wp\/v2\/categories?post=51956"},{"taxonomy":"post_tag","embeddable":true,"href":"https:\/\/globalnewsmexico.com\/sitio\/wp-json\/wp\/v2\/tags?post=51956"}],"curies":[{"name":"wp","href":"https:\/\/api.w.org\/{rel}","templated":true}]}}